{"id":7793,"date":"2023-05-25T09:49:10","date_gmt":"2023-05-25T07:49:10","guid":{"rendered":"https:\/\/jovoutja.eu\/cezhranicny-akcny-plan-zamestnanosti-pre-mikroregion-cserehat-sa-pomaly-ale-isto-blizi-ku-koncu-2\/"},"modified":"2023-05-25T09:49:58","modified_gmt":"2023-05-25T07:49:58","slug":"cezhranicny-akcny-plan-zamestnanosti-pre-mikroregion-cserehat-sa-pomaly-ale-isto-blizi-ku-koncu-2","status":"publish","type":"post","link":"https:\/\/jovoutja.eu\/en\/cezhranicny-akcny-plan-zamestnanosti-pre-mikroregion-cserehat-sa-pomaly-ale-isto-blizi-ku-koncu-2\/","title":{"rendered":"The Csereh\u00e1t Micro-Region Employment Action Plan is slowly but surely coming to its end"},"content":{"rendered":"<p>On 16. &#8211; 17. June 2022 the final conference took place in the Tsizjauvaros city. Over the past 4 years 7 interesting projects have been implemented where many various results came into existence. During the past year two parts of the project were completed, which included opening 5 marketplaces, building an educational center, as well as foundation of a classroom for the students of agromechatronics field. Thanks to the project &quot; Find your way&quot; we helped people with applying in the labour market. Over the past month the Via Carpatia could be a part of the opening ceremony of a pumpkin oil factory, roasting plant for seeds and a factory for the processing of healthy fruit juices, the sauerkraut factory as well as the local shop and confectionery. We handed over the St. Stephen\u00b4s House and the platform for local producers was established. During the two-days conference in the individual rounds thanks to an eye-catching film which was made by above mentioned partners, the results of the projects were presented and the guests could also taste various delicious local products. The project team of Via Carpatia believes that this was a first successful step towards the development of the Csereh\u00e1t Micro-Region and its aim remains to support the projects which would be beneficial for his region.<\/p>\n","protected":false},"excerpt":{"rendered":"<p>On 16. &#8211; 17. June 2022 the final conference took place in the Tsizjauvaros city. Over the past 4 years 7 interesting projects have been implemented where many various results came into existence. During the past year two parts of the project were completed, which included opening 5 marketplaces, building an educational center, as well [&hellip;]<\/p>\n","protected":false},"author":1,"featured_media":4946,"comment_status":"closed","ping_status":"open","sticky":false,"template":"","format":"standard","meta":{"inline_featured_image":false,"footnotes":""},"categories":[4],"tags":[],"class_list":["post-7793","post","type-post","status-publish","format-standard","has-post-thumbnail","hentry","category-uncategorized"],"acf":[],"yoast_head":"<!-- This site is optimized with the Yoast SEO plugin v27.5 - https:\/\/yoast.com\/product\/yoast-seo-wordpress\/ -->\n<title>The Csereh\u00e1t Micro-Region Employment Action Plan is slowly but surely coming to its end - J\u00f6v\u0151 \u00datja<\/title>\n<meta name=\"robots\" content=\"index, follow, max-snippet:-1, max-image-preview:large, max-video-preview:-1\" \/>\n<link rel=\"canonical\" href=\"https:\/\/jovoutja.eu\/en\/cezhranicny-akcny-plan-zamestnanosti-pre-mikroregion-cserehat-sa-pomaly-ale-isto-blizi-ku-koncu-2\/\" \/>\n<meta property=\"og:locale\" content=\"en_US\" \/>\n<meta property=\"og:type\" content=\"article\" \/>\n<meta property=\"og:title\" content=\"The Csereh\u00e1t Micro-Region Employment Action Plan is slowly but surely coming to its end - J\u00f6v\u0151 \u00datja\" \/>\n<meta property=\"og:description\" content=\"On 16. &#8211; 17. June 2022 the final conference took place in the Tsizjauvaros city. Over the past 4 years 7 interesting projects have been implemented where many various results came into existence. During the past year two parts of the project were completed, which included opening 5 marketplaces, building an educational center, as well [&hellip;]\" \/>\n<meta property=\"og:url\" content=\"https:\/\/jovoutja.eu\/en\/cezhranicny-akcny-plan-zamestnanosti-pre-mikroregion-cserehat-sa-pomaly-ale-isto-blizi-ku-koncu-2\/\" \/>\n<meta property=\"og:site_name\" content=\"J\u00f6v\u0151 \u00datja\" \/>\n<meta property=\"article:published_time\" content=\"2023-05-25T07:49:10+00:00\" \/>\n<meta property=\"article:modified_time\" content=\"2023-05-25T07:49:58+00:00\" \/>\n<meta property=\"og:image\" content=\"https:\/\/jovoutja.eu\/wp-content\/uploads\/2023\/04\/62b96ba75c1510fd6a8b4567.jpg\" \/>\n\t<meta property=\"og:image:width\" content=\"766\" \/>\n\t<meta property=\"og:image:height\" content=\"480\" \/>\n\t<meta property=\"og:image:type\" content=\"image\/jpeg\" \/>\n<meta name=\"author\" content=\"promiseo\" \/>\n<meta name=\"twitter:card\" content=\"summary_large_image\" \/>\n<meta name=\"twitter:label1\" content=\"Written by\" \/>\n\t<meta name=\"twitter:data1\" content=\"promiseo\" \/>\n<script type=\"application\/ld+json\" class=\"yoast-schema-graph\">{\"@context\":\"https:\\\/\\\/schema.org\",\"@graph\":[{\"@type\":\"Article\",\"@id\":\"https:\\\/\\\/jovoutja.eu\\\/en\\\/cezhranicny-akcny-plan-zamestnanosti-pre-mikroregion-cserehat-sa-pomaly-ale-isto-blizi-ku-koncu-2\\\/#article\",\"isPartOf\":{\"@id\":\"https:\\\/\\\/jovoutja.eu\\\/en\\\/cezhranicny-akcny-plan-zamestnanosti-pre-mikroregion-cserehat-sa-pomaly-ale-isto-blizi-ku-koncu-2\\\/\"},\"author\":{\"name\":\"promiseo\",\"@id\":\"https:\\\/\\\/jovoutja.eu\\\/#\\\/schema\\\/person\\\/ad78fca7d58f189d57a6e54af785b1af\"},\"headline\":\"The Csereh\u00e1t Micro-Region Employment Action Plan is slowly but surely coming to its end\",\"datePublished\":\"2023-05-25T07:49:10+00:00\",\"dateModified\":\"2023-05-25T07:49:58+00:00\",\"mainEntityOfPage\":{\"@id\":\"https:\\\/\\\/jovoutja.eu\\\/en\\\/cezhranicny-akcny-plan-zamestnanosti-pre-mikroregion-cserehat-sa-pomaly-ale-isto-blizi-ku-koncu-2\\\/\"},\"wordCount\":228,\"image\":{\"@id\":\"https:\\\/\\\/jovoutja.eu\\\/en\\\/cezhranicny-akcny-plan-zamestnanosti-pre-mikroregion-cserehat-sa-pomaly-ale-isto-blizi-ku-koncu-2\\\/#primaryimage\"},\"thumbnailUrl\":\"https:\\\/\\\/jovoutja.eu\\\/wp-content\\\/uploads\\\/2023\\\/04\\\/62b96ba75c1510fd6a8b4567.jpg\",\"inLanguage\":\"en-US\"},{\"@type\":\"WebPage\",\"@id\":\"https:\\\/\\\/jovoutja.eu\\\/en\\\/cezhranicny-akcny-plan-zamestnanosti-pre-mikroregion-cserehat-sa-pomaly-ale-isto-blizi-ku-koncu-2\\\/\",\"url\":\"https:\\\/\\\/jovoutja.eu\\\/en\\\/cezhranicny-akcny-plan-zamestnanosti-pre-mikroregion-cserehat-sa-pomaly-ale-isto-blizi-ku-koncu-2\\\/\",\"name\":\"The Csereh\u00e1t Micro-Region Employment Action Plan is slowly but surely coming to its end - J\u00f6v\u0151 \u00datja\",\"isPartOf\":{\"@id\":\"https:\\\/\\\/jovoutja.eu\\\/#website\"},\"primaryImageOfPage\":{\"@id\":\"https:\\\/\\\/jovoutja.eu\\\/en\\\/cezhranicny-akcny-plan-zamestnanosti-pre-mikroregion-cserehat-sa-pomaly-ale-isto-blizi-ku-koncu-2\\\/#primaryimage\"},\"image\":{\"@id\":\"https:\\\/\\\/jovoutja.eu\\\/en\\\/cezhranicny-akcny-plan-zamestnanosti-pre-mikroregion-cserehat-sa-pomaly-ale-isto-blizi-ku-koncu-2\\\/#primaryimage\"},\"thumbnailUrl\":\"https:\\\/\\\/jovoutja.eu\\\/wp-content\\\/uploads\\\/2023\\\/04\\\/62b96ba75c1510fd6a8b4567.jpg\",\"datePublished\":\"2023-05-25T07:49:10+00:00\",\"dateModified\":\"2023-05-25T07:49:58+00:00\",\"author\":{\"@id\":\"https:\\\/\\\/jovoutja.eu\\\/#\\\/schema\\\/person\\\/ad78fca7d58f189d57a6e54af785b1af\"},\"breadcrumb\":{\"@id\":\"https:\\\/\\\/jovoutja.eu\\\/en\\\/cezhranicny-akcny-plan-zamestnanosti-pre-mikroregion-cserehat-sa-pomaly-ale-isto-blizi-ku-koncu-2\\\/#breadcrumb\"},\"inLanguage\":\"en-US\",\"potentialAction\":[{\"@type\":\"ReadAction\",\"target\":[\"https:\\\/\\\/jovoutja.eu\\\/en\\\/cezhranicny-akcny-plan-zamestnanosti-pre-mikroregion-cserehat-sa-pomaly-ale-isto-blizi-ku-koncu-2\\\/\"]}]},{\"@type\":\"ImageObject\",\"inLanguage\":\"en-US\",\"@id\":\"https:\\\/\\\/jovoutja.eu\\\/en\\\/cezhranicny-akcny-plan-zamestnanosti-pre-mikroregion-cserehat-sa-pomaly-ale-isto-blizi-ku-koncu-2\\\/#primaryimage\",\"url\":\"https:\\\/\\\/jovoutja.eu\\\/wp-content\\\/uploads\\\/2023\\\/04\\\/62b96ba75c1510fd6a8b4567.jpg\",\"contentUrl\":\"https:\\\/\\\/jovoutja.eu\\\/wp-content\\\/uploads\\\/2023\\\/04\\\/62b96ba75c1510fd6a8b4567.jpg\",\"width\":766,\"height\":480},{\"@type\":\"BreadcrumbList\",\"@id\":\"https:\\\/\\\/jovoutja.eu\\\/en\\\/cezhranicny-akcny-plan-zamestnanosti-pre-mikroregion-cserehat-sa-pomaly-ale-isto-blizi-ku-koncu-2\\\/#breadcrumb\",\"itemListElement\":[{\"@type\":\"ListItem\",\"position\":1,\"name\":\"Home\",\"item\":\"https:\\\/\\\/jovoutja.eu\\\/\"},{\"@type\":\"ListItem\",\"position\":2,\"name\":\"The Csereh\u00e1t Micro-Region Employment Action Plan is slowly but surely coming to its end\"}]},{\"@type\":\"WebSite\",\"@id\":\"https:\\\/\\\/jovoutja.eu\\\/#website\",\"url\":\"https:\\\/\\\/jovoutja.eu\\\/\",\"name\":\"ViaCarpatia\",\"description\":\"Sp\u00e1jame historick\u00e9 a kult\u00farno-jazykov\u00e9 trad\u00edcie\",\"alternateName\":\"ViaCarpatia\",\"potentialAction\":[{\"@type\":\"SearchAction\",\"target\":{\"@type\":\"EntryPoint\",\"urlTemplate\":\"https:\\\/\\\/jovoutja.eu\\\/?s={search_term_string}\"},\"query-input\":{\"@type\":\"PropertyValueSpecification\",\"valueRequired\":true,\"valueName\":\"search_term_string\"}}],\"inLanguage\":\"en-US\"},{\"@type\":\"Person\",\"@id\":\"https:\\\/\\\/jovoutja.eu\\\/#\\\/schema\\\/person\\\/ad78fca7d58f189d57a6e54af785b1af\",\"name\":\"promiseo\",\"image\":{\"@type\":\"ImageObject\",\"inLanguage\":\"en-US\",\"@id\":\"https:\\\/\\\/secure.gravatar.com\\\/avatar\\\/e836a21cdda7d1a602c49880145b7a9b7a76ee1acdc3df5fb44089ead12fd2b1?s=96&d=mm&r=g\",\"url\":\"https:\\\/\\\/secure.gravatar.com\\\/avatar\\\/e836a21cdda7d1a602c49880145b7a9b7a76ee1acdc3df5fb44089ead12fd2b1?s=96&d=mm&r=g\",\"contentUrl\":\"https:\\\/\\\/secure.gravatar.com\\\/avatar\\\/e836a21cdda7d1a602c49880145b7a9b7a76ee1acdc3df5fb44089ead12fd2b1?s=96&d=mm&r=g\",\"caption\":\"promiseo\"},\"sameAs\":[\"https:\\\/\\\/jovoutja.eu\"],\"url\":\"https:\\\/\\\/jovoutja.eu\\\/en\\\/author\\\/promiseo\\\/\"}]}<\/script>\n<!-- \/ Yoast SEO plugin. -->","yoast_head_json":{"title":"The Csereh\u00e1t Micro-Region Employment Action Plan is slowly but surely coming to its end - J\u00f6v\u0151 \u00datja","robots":{"index":"index","follow":"follow","max-snippet":"max-snippet:-1","max-image-preview":"max-image-preview:large","max-video-preview":"max-video-preview:-1"},"canonical":"https:\/\/jovoutja.eu\/en\/cezhranicny-akcny-plan-zamestnanosti-pre-mikroregion-cserehat-sa-pomaly-ale-isto-blizi-ku-koncu-2\/","og_locale":"en_US","og_type":"article","og_title":"The Csereh\u00e1t Micro-Region Employment Action Plan is slowly but surely coming to its end - J\u00f6v\u0151 \u00datja","og_description":"On 16. &#8211; 17. June 2022 the final conference took place in the Tsizjauvaros city. Over the past 4 years 7 interesting projects have been implemented where many various results came into existence. During the past year two parts of the project were completed, which included opening 5 marketplaces, building an educational center, as well [&hellip;]","og_url":"https:\/\/jovoutja.eu\/en\/cezhranicny-akcny-plan-zamestnanosti-pre-mikroregion-cserehat-sa-pomaly-ale-isto-blizi-ku-koncu-2\/","og_site_name":"J\u00f6v\u0151 \u00datja","article_published_time":"2023-05-25T07:49:10+00:00","article_modified_time":"2023-05-25T07:49:58+00:00","og_image":[{"width":766,"height":480,"url":"https:\/\/jovoutja.eu\/wp-content\/uploads\/2023\/04\/62b96ba75c1510fd6a8b4567.jpg","type":"image\/jpeg"}],"author":"promiseo","twitter_card":"summary_large_image","twitter_misc":{"Written by":"promiseo"},"schema":{"@context":"https:\/\/schema.org","@graph":[{"@type":"Article","@id":"https:\/\/jovoutja.eu\/en\/cezhranicny-akcny-plan-zamestnanosti-pre-mikroregion-cserehat-sa-pomaly-ale-isto-blizi-ku-koncu-2\/#article","isPartOf":{"@id":"https:\/\/jovoutja.eu\/en\/cezhranicny-akcny-plan-zamestnanosti-pre-mikroregion-cserehat-sa-pomaly-ale-isto-blizi-ku-koncu-2\/"},"author":{"name":"promiseo","@id":"https:\/\/jovoutja.eu\/#\/schema\/person\/ad78fca7d58f189d57a6e54af785b1af"},"headline":"The Csereh\u00e1t Micro-Region Employment Action Plan is slowly but surely coming to its end","datePublished":"2023-05-25T07:49:10+00:00","dateModified":"2023-05-25T07:49:58+00:00","mainEntityOfPage":{"@id":"https:\/\/jovoutja.eu\/en\/cezhranicny-akcny-plan-zamestnanosti-pre-mikroregion-cserehat-sa-pomaly-ale-isto-blizi-ku-koncu-2\/"},"wordCount":228,"image":{"@id":"https:\/\/jovoutja.eu\/en\/cezhranicny-akcny-plan-zamestnanosti-pre-mikroregion-cserehat-sa-pomaly-ale-isto-blizi-ku-koncu-2\/#primaryimage"},"thumbnailUrl":"https:\/\/jovoutja.eu\/wp-content\/uploads\/2023\/04\/62b96ba75c1510fd6a8b4567.jpg","inLanguage":"en-US"},{"@type":"WebPage","@id":"https:\/\/jovoutja.eu\/en\/cezhranicny-akcny-plan-zamestnanosti-pre-mikroregion-cserehat-sa-pomaly-ale-isto-blizi-ku-koncu-2\/","url":"https:\/\/jovoutja.eu\/en\/cezhranicny-akcny-plan-zamestnanosti-pre-mikroregion-cserehat-sa-pomaly-ale-isto-blizi-ku-koncu-2\/","name":"The Csereh\u00e1t Micro-Region Employment Action Plan is slowly but surely coming to its end - J\u00f6v\u0151 \u00datja","isPartOf":{"@id":"https:\/\/jovoutja.eu\/#website"},"primaryImageOfPage":{"@id":"https:\/\/jovoutja.eu\/en\/cezhranicny-akcny-plan-zamestnanosti-pre-mikroregion-cserehat-sa-pomaly-ale-isto-blizi-ku-koncu-2\/#primaryimage"},"image":{"@id":"https:\/\/jovoutja.eu\/en\/cezhranicny-akcny-plan-zamestnanosti-pre-mikroregion-cserehat-sa-pomaly-ale-isto-blizi-ku-koncu-2\/#primaryimage"},"thumbnailUrl":"https:\/\/jovoutja.eu\/wp-content\/uploads\/2023\/04\/62b96ba75c1510fd6a8b4567.jpg","datePublished":"2023-05-25T07:49:10+00:00","dateModified":"2023-05-25T07:49:58+00:00","author":{"@id":"https:\/\/jovoutja.eu\/#\/schema\/person\/ad78fca7d58f189d57a6e54af785b1af"},"breadcrumb":{"@id":"https:\/\/jovoutja.eu\/en\/cezhranicny-akcny-plan-zamestnanosti-pre-mikroregion-cserehat-sa-pomaly-ale-isto-blizi-ku-koncu-2\/#breadcrumb"},"inLanguage":"en-US","potentialAction":[{"@type":"ReadAction","target":["https:\/\/jovoutja.eu\/en\/cezhranicny-akcny-plan-zamestnanosti-pre-mikroregion-cserehat-sa-pomaly-ale-isto-blizi-ku-koncu-2\/"]}]},{"@type":"ImageObject","inLanguage":"en-US","@id":"https:\/\/jovoutja.eu\/en\/cezhranicny-akcny-plan-zamestnanosti-pre-mikroregion-cserehat-sa-pomaly-ale-isto-blizi-ku-koncu-2\/#primaryimage","url":"https:\/\/jovoutja.eu\/wp-content\/uploads\/2023\/04\/62b96ba75c1510fd6a8b4567.jpg","contentUrl":"https:\/\/jovoutja.eu\/wp-content\/uploads\/2023\/04\/62b96ba75c1510fd6a8b4567.jpg","width":766,"height":480},{"@type":"BreadcrumbList","@id":"https:\/\/jovoutja.eu\/en\/cezhranicny-akcny-plan-zamestnanosti-pre-mikroregion-cserehat-sa-pomaly-ale-isto-blizi-ku-koncu-2\/#breadcrumb","itemListElement":[{"@type":"ListItem","position":1,"name":"Home","item":"https:\/\/jovoutja.eu\/"},{"@type":"ListItem","position":2,"name":"The Csereh\u00e1t Micro-Region Employment Action Plan is slowly but surely coming to its end"}]},{"@type":"WebSite","@id":"https:\/\/jovoutja.eu\/#website","url":"https:\/\/jovoutja.eu\/","name":"ViaCarpatia","description":"Sp\u00e1jame historick\u00e9 a kult\u00farno-jazykov\u00e9 trad\u00edcie","alternateName":"ViaCarpatia","potentialAction":[{"@type":"SearchAction","target":{"@type":"EntryPoint","urlTemplate":"https:\/\/jovoutja.eu\/?s={search_term_string}"},"query-input":{"@type":"PropertyValueSpecification","valueRequired":true,"valueName":"search_term_string"}}],"inLanguage":"en-US"},{"@type":"Person","@id":"https:\/\/jovoutja.eu\/#\/schema\/person\/ad78fca7d58f189d57a6e54af785b1af","name":"promiseo","image":{"@type":"ImageObject","inLanguage":"en-US","@id":"https:\/\/secure.gravatar.com\/avatar\/e836a21cdda7d1a602c49880145b7a9b7a76ee1acdc3df5fb44089ead12fd2b1?s=96&d=mm&r=g","url":"https:\/\/secure.gravatar.com\/avatar\/e836a21cdda7d1a602c49880145b7a9b7a76ee1acdc3df5fb44089ead12fd2b1?s=96&d=mm&r=g","contentUrl":"https:\/\/secure.gravatar.com\/avatar\/e836a21cdda7d1a602c49880145b7a9b7a76ee1acdc3df5fb44089ead12fd2b1?s=96&d=mm&r=g","caption":"promiseo"},"sameAs":["https:\/\/jovoutja.eu"],"url":"https:\/\/jovoutja.eu\/en\/author\/promiseo\/"}]}},"_links":{"self":[{"href":"https:\/\/jovoutja.eu\/en\/wp-json\/wp\/v2\/posts\/7793","targetHints":{"allow":["GET"]}}],"collection":[{"href":"https:\/\/jovoutja.eu\/en\/wp-json\/wp\/v2\/posts"}],"about":[{"href":"https:\/\/jovoutja.eu\/en\/wp-json\/wp\/v2\/types\/post"}],"author":[{"embeddable":true,"href":"https:\/\/jovoutja.eu\/en\/wp-json\/wp\/v2\/users\/1"}],"replies":[{"embeddable":true,"href":"https:\/\/jovoutja.eu\/en\/wp-json\/wp\/v2\/comments?post=7793"}],"version-history":[{"count":1,"href":"https:\/\/jovoutja.eu\/en\/wp-json\/wp\/v2\/posts\/7793\/revisions"}],"predecessor-version":[{"id":7796,"href":"https:\/\/jovoutja.eu\/en\/wp-json\/wp\/v2\/posts\/7793\/revisions\/7796"}],"wp:featuredmedia":[{"embeddable":true,"href":"https:\/\/jovoutja.eu\/en\/wp-json\/wp\/v2\/media\/4946"}],"wp:attachment":[{"href":"https:\/\/jovoutja.eu\/en\/wp-json\/wp\/v2\/media?parent=7793"}],"wp:term":[{"taxonomy":"category","embeddable":true,"href":"https:\/\/jovoutja.eu\/en\/wp-json\/wp\/v2\/categories?post=7793"},{"taxonomy":"post_tag","embeddable":true,"href":"https:\/\/jovoutja.eu\/en\/wp-json\/wp\/v2\/tags?post=7793"}],"curies":[{"name":"wp","href":"https:\/\/api.w.org\/{rel}","templated":true}]}}