{"id":7744,"date":"2023-05-25T09:17:26","date_gmt":"2023-05-25T07:17:26","guid":{"rendered":"https:\/\/jovoutja.eu\/elkezdodott-a-kozel-200-eves-patay-kastely-felujitasa-abaujszanton\/"},"modified":"2023-05-25T10:12:03","modified_gmt":"2023-05-25T08:12:03","slug":"zacala-sa-obnova-takmer-200-rokov-stareho-kastiela-patay-v-abaujszanto","status":"publish","type":"post","link":"https:\/\/jovoutja.eu\/hu\/zacala-sa-obnova-takmer-200-rokov-stareho-kastiela-patay-v-abaujszanto\/","title":{"rendered":"Megkezd\u0151d\u00f6tt a csaknem 200 \u00e9ves aba\u00fajsz\u00e1nt\u00f3i Patay-kast\u00e9ly fel\u00faj\u00edt\u00e1sa"},"content":{"rendered":"<p>A J\u00f6v\u0151 \u00datja Nonprofit Kft. (Via Carpatia EGTC) seg\u00edts\u00e9g\u00e9vel megval\u00f3sul az Aba\u00fajsz\u00e1nt\u00f3-Cekeh\u00e1zi-Patay kast\u00e9ly fel\u00faj\u00edt\u00e1sa.<\/p>\n<p>Els\u0151 \u00fctemben a KKM\/44179-3\/2020\/Adm t\u00e1mogat\u00e1si szerz\u0151d\u00e9s \u00c9L\u0150 T\u00d6RT\u00c9NELEM c. projekt k\u00f6lts\u00e9gvet\u00e9se 217 milli\u00f3 forint \u00e9s ebb\u0151l a keretb\u0151l brutt\u00f3 140 milli\u00f3 forintos t\u00e1mogat\u00e1s felhaszn\u00e1l\u00e1s\u00e1val mentik meg a cekeh\u00e1zi kast\u00e9lyt. A t\u00e1mogat\u00e1si szerz\u0151d\u00e9s r\u00e9sz\u00e9t k\u00e9pezi Aba\u00fajsz\u00e1nt\u00f3 testv\u00e9rv\u00e1ros\u00e1nak, a szlov\u00e1kiai Kass\u00e1nak egy turisztikai vonzer\u0151 fejleszt\u00e9si projektje is. Ott a f\u0151t\u00e9ren \u00e1ll\u00f3 egykori Als\u00f3kapu f\u00f6ldfelsz\u00edn alatt megmaradt, kor\u00e1bban m\u00e1r korszer\u0171 l\u00e1togat\u00f3k\u00f6zpontt\u00e1 alak\u00edtott r\u00e9sz\u00e9nek a tov\u00e1bbi \u00e9lm\u00e9nyturisztikai fejleszt\u00e9se szerepel a megval\u00f3s\u00edt\u00e1sra ker\u00fcl\u0151 tev\u00e9kenys\u00e9gek k\u00f6z\u00f6tt.<\/p>\n<p>A projektind\u00edt\u00f3 sajt\u00f3t\u00e1j\u00e9koztat\u00f3ra a kast\u00e9ly el\u0151tt ker\u00fclt sor 2021. m\u00e1jus 14-\u00e9n, a megh\u00edvott vend\u00e9gek k\u00f6z\u00f6tt volt Magyar Levente, a K\u00fclgazdas\u00e1gi \u00e9s K\u00fcl\u00fcgyminiszt\u00e9rium miniszterhelyettese, Dr. Vir\u00e1g Zsolt a Magyar Kast\u00e9lyprogram Nkft. \u00fcgyvezet\u0151 igazgat\u00f3ja, Dr. Vir\u00e1g Zsolt a Magyar Kast\u00e9lyprogram Nkft. \u00fcgyvezet\u0151 igazgat\u00f3ja, Dr. Orb\u00e1n M\u00e1t\u00e9 Julianna a J\u00f6v\u0151 \u00datja Nonprofit Kft. igazgat\u00f3ja, Safi\u00e1n \u00c1d\u00e1m, Aba\u00fajsz\u00e1nt\u00f3 v\u00e1ros polg\u00e1rmestere \u00e9s a Patay csal\u00e1d lesz\u00e1rmazottai.<\/p>\n<p>Besz\u00e9d\u00e9ben Magyar Levente, a K\u00fclgazdas\u00e1gi \u00e9s K\u00fcl\u00fcgyminiszt\u00e9rium miniszterhelyettese a szlov\u00e1k-magyar hat\u00e1ron \u00e1tny\u00fal\u00f3 egy\u00fcttm\u0171k\u00f6d\u00e9sr\u0151l, annak a turizmusra \u00e9s a gazdas\u00e1g fejl\u0151d\u00e9s\u00e9re gyakorolt pozit\u00edv hat\u00e1sair\u00f3l besz\u00e9lt.<\/p>\n<p>Dr. Vir\u00e1g Zsolt a Magyar Kast\u00e9lyprogram Nkft. \u00fcgyvezet\u0151 igazgat\u00f3ja, m\u0171v\u00e9szett\u00f6rt\u00e9n\u00e9sz az Aba\u00fajsz\u00e1nt\u00f3i Patay-kast\u00e9ly t\u00f6rt\u00e9net\u00e9t, valamint a kast\u00e9ly fejleszt\u00e9s\u00e9ben l\u00e9v\u0151 lehet\u0151s\u00e9geket mutatta be.<\/p>\n<p>Dr. H\u00f6rcsik Rich\u00e1rd, Zempl\u00e9n \u00e9s Aba\u00faj orsz\u00e1ggy\u0171l\u00e9si k\u00e9pvisel\u0151je a cekeh\u00e1zai kast\u00e9ly fejleszt\u00e9s\u00e9nek, valamint a t\u00e9rs\u00e9g turisztikai fejleszt\u00e9si projektjeinek jelent\u0151s\u00e9g\u00e9r\u0151l ismertette gondolatait.<\/p>\n<p>Cekeh\u00e1za els\u0151 okleveles eml\u00edt\u00e9se 1427-ben t\u00f6rt\u00e9nt, ekkor a n\u00e9vad\u00f3 Czeke csal\u00e1d birtok\u00e1t k\u00e9pezte.<\/p>\n<p>Az \u00c9L\u0150 T\u00d6RT\u00c9NELEM projekt keret\u00e9ben a kast\u00e9ly fel\u00faj\u00edt\u00e1s\u00e1nak els\u0151 \u00fcteme t\u00f6rt\u00e9nik meg, amely mag\u00e1ban foglalja a romos kast\u00e9ly alapjainak statikai meger\u0151s\u00edt\u00e9s\u00e9t, az elv\u00e1lt \u00e9s sz\u00e9tt\u00f6redezett falak \u00f6sszek\u00f6t\u00e9s\u00e9t, szaksz\u00f3val \u201e\u00f6sszevarr\u00e1s\u00e1t&#8221;.<\/p>\n<p>Elk\u00e9sz\u00fcl az \u00faj vasbeton koszor\u00fa \u00e9s a f\u00f6d\u00e9mek, \u00fajj\u00e1\u00e9p\u00fclnek a beomlott boltozatok, valamint \u00faj tet\u0151zetet kap az \u00e9p\u00fclet, amely biztos\u00edtja hossz\u00fa t\u00e1v\u00fa fennmarad\u00e1s\u00e1t.<\/p>\n","protected":false},"excerpt":{"rendered":"<p>A J\u00f6v\u0151 \u00datja Nonprofit Kft. (Via Carpatia EGTC) seg\u00edts\u00e9g\u00e9vel megval\u00f3sul az Aba\u00fajsz\u00e1nt\u00f3-Cekeh\u00e1zi-Patay kast\u00e9ly fel\u00faj\u00edt\u00e1sa. Els\u0151 \u00fctemben a KKM\/44179-3\/2020\/Adm t\u00e1mogat\u00e1si szerz\u0151d\u00e9s \u00c9L\u0150 T\u00d6RT\u00c9NELEM c. projekt k\u00f6lts\u00e9gvet\u00e9se 217 milli\u00f3 forint \u00e9s ebb\u0151l a keretb\u0151l brutt\u00f3 140 milli\u00f3 forintos t\u00e1mogat\u00e1s felhaszn\u00e1l\u00e1s\u00e1val mentik meg a cekeh\u00e1zi kast\u00e9lyt. A t\u00e1mogat\u00e1si szerz\u0151d\u00e9s r\u00e9sz\u00e9t k\u00e9pezi Aba\u00fajsz\u00e1nt\u00f3 testv\u00e9rv\u00e1ros\u00e1nak, a szlov\u00e1kiai Kass\u00e1nak egy turisztikai [&hellip;]<\/p>\n","protected":false},"author":1,"featured_media":4221,"comment_status":"closed","ping_status":"open","sticky":false,"template":"","format":"standard","meta":{"inline_featured_image":false,"footnotes":""},"categories":[],"tags":[],"class_list":["post-7744","post","type-post","status-publish","format-standard","has-post-thumbnail","hentry"],"acf":[],"yoast_head":"<!-- This site is optimized with the Yoast SEO plugin v27.5 - https:\/\/yoast.com\/product\/yoast-seo-wordpress\/ -->\n<title>Megkezd\u0151d\u00f6tt a csaknem 200 \u00e9ves aba\u00fajsz\u00e1nt\u00f3i Patay-kast\u00e9ly fel\u00faj\u00edt\u00e1sa - J\u00f6v\u0151 \u00datja<\/title>\n<meta name=\"robots\" content=\"index, follow, max-snippet:-1, max-image-preview:large, max-video-preview:-1\" \/>\n<link rel=\"canonical\" href=\"https:\/\/jovoutja.eu\/hu\/zacala-sa-obnova-takmer-200-rokov-stareho-kastiela-patay-v-abaujszanto\/\" \/>\n<meta property=\"og:locale\" content=\"hu_HU\" \/>\n<meta property=\"og:type\" content=\"article\" \/>\n<meta property=\"og:title\" content=\"Megkezd\u0151d\u00f6tt a csaknem 200 \u00e9ves aba\u00fajsz\u00e1nt\u00f3i Patay-kast\u00e9ly fel\u00faj\u00edt\u00e1sa - J\u00f6v\u0151 \u00datja\" \/>\n<meta property=\"og:description\" content=\"A J\u00f6v\u0151 \u00datja Nonprofit Kft. (Via Carpatia EGTC) seg\u00edts\u00e9g\u00e9vel megval\u00f3sul az Aba\u00fajsz\u00e1nt\u00f3-Cekeh\u00e1zi-Patay kast\u00e9ly fel\u00faj\u00edt\u00e1sa. Els\u0151 \u00fctemben a KKM\/44179-3\/2020\/Adm t\u00e1mogat\u00e1si szerz\u0151d\u00e9s \u00c9L\u0150 T\u00d6RT\u00c9NELEM c. projekt k\u00f6lts\u00e9gvet\u00e9se 217 milli\u00f3 forint \u00e9s ebb\u0151l a keretb\u0151l brutt\u00f3 140 milli\u00f3 forintos t\u00e1mogat\u00e1s felhaszn\u00e1l\u00e1s\u00e1val mentik meg a cekeh\u00e1zi kast\u00e9lyt. A t\u00e1mogat\u00e1si szerz\u0151d\u00e9s r\u00e9sz\u00e9t k\u00e9pezi Aba\u00fajsz\u00e1nt\u00f3 testv\u00e9rv\u00e1ros\u00e1nak, a szlov\u00e1kiai Kass\u00e1nak egy turisztikai [&hellip;]\" \/>\n<meta property=\"og:url\" content=\"https:\/\/jovoutja.eu\/hu\/zacala-sa-obnova-takmer-200-rokov-stareho-kastiela-patay-v-abaujszanto\/\" \/>\n<meta property=\"og:site_name\" content=\"J\u00f6v\u0151 \u00datja\" \/>\n<meta property=\"article:published_time\" content=\"2023-05-25T07:17:26+00:00\" \/>\n<meta property=\"article:modified_time\" content=\"2023-05-25T08:12:03+00:00\" \/>\n<meta property=\"og:image\" content=\"https:\/\/jovoutja.eu\/wp-content\/uploads\/2023\/04\/Patay-Kastely-kepek2.jpg\" \/>\n\t<meta property=\"og:image:width\" content=\"1071\" \/>\n\t<meta property=\"og:image:height\" content=\"667\" \/>\n\t<meta property=\"og:image:type\" content=\"image\/jpeg\" \/>\n<meta name=\"author\" content=\"promiseo\" \/>\n<meta name=\"twitter:card\" content=\"summary_large_image\" \/>\n<meta name=\"twitter:label1\" content=\"Szerz\u0151:\" \/>\n\t<meta name=\"twitter:data1\" content=\"promiseo\" \/>\n\t<meta name=\"twitter:label2\" content=\"Becs\u00fclt olvas\u00e1si id\u0151\" \/>\n\t<meta name=\"twitter:data2\" content=\"2 perc\" \/>\n<script type=\"application\/ld+json\" class=\"yoast-schema-graph\">{\"@context\":\"https:\\\/\\\/schema.org\",\"@graph\":[{\"@type\":\"Article\",\"@id\":\"https:\\\/\\\/jovoutja.eu\\\/hu\\\/zacala-sa-obnova-takmer-200-rokov-stareho-kastiela-patay-v-abaujszanto\\\/#article\",\"isPartOf\":{\"@id\":\"https:\\\/\\\/jovoutja.eu\\\/hu\\\/zacala-sa-obnova-takmer-200-rokov-stareho-kastiela-patay-v-abaujszanto\\\/\"},\"author\":{\"name\":\"promiseo\",\"@id\":\"https:\\\/\\\/jovoutja.eu\\\/#\\\/schema\\\/person\\\/ad78fca7d58f189d57a6e54af785b1af\"},\"headline\":\"Megkezd\u0151d\u00f6tt a csaknem 200 \u00e9ves aba\u00fajsz\u00e1nt\u00f3i Patay-kast\u00e9ly fel\u00faj\u00edt\u00e1sa\",\"datePublished\":\"2023-05-25T07:17:26+00:00\",\"dateModified\":\"2023-05-25T08:12:03+00:00\",\"mainEntityOfPage\":{\"@id\":\"https:\\\/\\\/jovoutja.eu\\\/hu\\\/zacala-sa-obnova-takmer-200-rokov-stareho-kastiela-patay-v-abaujszanto\\\/\"},\"wordCount\":509,\"image\":{\"@id\":\"https:\\\/\\\/jovoutja.eu\\\/hu\\\/zacala-sa-obnova-takmer-200-rokov-stareho-kastiela-patay-v-abaujszanto\\\/#primaryimage\"},\"thumbnailUrl\":\"https:\\\/\\\/jovoutja.eu\\\/wp-content\\\/uploads\\\/2023\\\/04\\\/Patay-Kastely-kepek2.jpg\",\"inLanguage\":\"hu\"},{\"@type\":\"WebPage\",\"@id\":\"https:\\\/\\\/jovoutja.eu\\\/hu\\\/zacala-sa-obnova-takmer-200-rokov-stareho-kastiela-patay-v-abaujszanto\\\/\",\"url\":\"https:\\\/\\\/jovoutja.eu\\\/hu\\\/zacala-sa-obnova-takmer-200-rokov-stareho-kastiela-patay-v-abaujszanto\\\/\",\"name\":\"Megkezd\u0151d\u00f6tt a csaknem 200 \u00e9ves aba\u00fajsz\u00e1nt\u00f3i Patay-kast\u00e9ly fel\u00faj\u00edt\u00e1sa - J\u00f6v\u0151 \u00datja\",\"isPartOf\":{\"@id\":\"https:\\\/\\\/jovoutja.eu\\\/#website\"},\"primaryImageOfPage\":{\"@id\":\"https:\\\/\\\/jovoutja.eu\\\/hu\\\/zacala-sa-obnova-takmer-200-rokov-stareho-kastiela-patay-v-abaujszanto\\\/#primaryimage\"},\"image\":{\"@id\":\"https:\\\/\\\/jovoutja.eu\\\/hu\\\/zacala-sa-obnova-takmer-200-rokov-stareho-kastiela-patay-v-abaujszanto\\\/#primaryimage\"},\"thumbnailUrl\":\"https:\\\/\\\/jovoutja.eu\\\/wp-content\\\/uploads\\\/2023\\\/04\\\/Patay-Kastely-kepek2.jpg\",\"datePublished\":\"2023-05-25T07:17:26+00:00\",\"dateModified\":\"2023-05-25T08:12:03+00:00\",\"author\":{\"@id\":\"https:\\\/\\\/jovoutja.eu\\\/#\\\/schema\\\/person\\\/ad78fca7d58f189d57a6e54af785b1af\"},\"breadcrumb\":{\"@id\":\"https:\\\/\\\/jovoutja.eu\\\/hu\\\/zacala-sa-obnova-takmer-200-rokov-stareho-kastiela-patay-v-abaujszanto\\\/#breadcrumb\"},\"inLanguage\":\"hu\",\"potentialAction\":[{\"@type\":\"ReadAction\",\"target\":[\"https:\\\/\\\/jovoutja.eu\\\/hu\\\/zacala-sa-obnova-takmer-200-rokov-stareho-kastiela-patay-v-abaujszanto\\\/\"]}]},{\"@type\":\"ImageObject\",\"inLanguage\":\"hu\",\"@id\":\"https:\\\/\\\/jovoutja.eu\\\/hu\\\/zacala-sa-obnova-takmer-200-rokov-stareho-kastiela-patay-v-abaujszanto\\\/#primaryimage\",\"url\":\"https:\\\/\\\/jovoutja.eu\\\/wp-content\\\/uploads\\\/2023\\\/04\\\/Patay-Kastely-kepek2.jpg\",\"contentUrl\":\"https:\\\/\\\/jovoutja.eu\\\/wp-content\\\/uploads\\\/2023\\\/04\\\/Patay-Kastely-kepek2.jpg\",\"width\":1071,\"height\":667},{\"@type\":\"BreadcrumbList\",\"@id\":\"https:\\\/\\\/jovoutja.eu\\\/hu\\\/zacala-sa-obnova-takmer-200-rokov-stareho-kastiela-patay-v-abaujszanto\\\/#breadcrumb\",\"itemListElement\":[{\"@type\":\"ListItem\",\"position\":1,\"name\":\"Home\",\"item\":\"https:\\\/\\\/jovoutja.eu\\\/\"},{\"@type\":\"ListItem\",\"position\":2,\"name\":\"Megkezd\u0151d\u00f6tt a csaknem 200 \u00e9ves aba\u00fajsz\u00e1nt\u00f3i Patay-kast\u00e9ly fel\u00faj\u00edt\u00e1sa\"}]},{\"@type\":\"WebSite\",\"@id\":\"https:\\\/\\\/jovoutja.eu\\\/#website\",\"url\":\"https:\\\/\\\/jovoutja.eu\\\/\",\"name\":\"ViaCarpatia\",\"description\":\"Sp\u00e1jame historick\u00e9 a kult\u00farno-jazykov\u00e9 trad\u00edcie\",\"alternateName\":\"ViaCarpatia\",\"potentialAction\":[{\"@type\":\"SearchAction\",\"target\":{\"@type\":\"EntryPoint\",\"urlTemplate\":\"https:\\\/\\\/jovoutja.eu\\\/?s={search_term_string}\"},\"query-input\":{\"@type\":\"PropertyValueSpecification\",\"valueRequired\":true,\"valueName\":\"search_term_string\"}}],\"inLanguage\":\"hu\"},{\"@type\":\"Person\",\"@id\":\"https:\\\/\\\/jovoutja.eu\\\/#\\\/schema\\\/person\\\/ad78fca7d58f189d57a6e54af785b1af\",\"name\":\"promiseo\",\"image\":{\"@type\":\"ImageObject\",\"inLanguage\":\"hu\",\"@id\":\"https:\\\/\\\/secure.gravatar.com\\\/avatar\\\/e836a21cdda7d1a602c49880145b7a9b7a76ee1acdc3df5fb44089ead12fd2b1?s=96&d=mm&r=g\",\"url\":\"https:\\\/\\\/secure.gravatar.com\\\/avatar\\\/e836a21cdda7d1a602c49880145b7a9b7a76ee1acdc3df5fb44089ead12fd2b1?s=96&d=mm&r=g\",\"contentUrl\":\"https:\\\/\\\/secure.gravatar.com\\\/avatar\\\/e836a21cdda7d1a602c49880145b7a9b7a76ee1acdc3df5fb44089ead12fd2b1?s=96&d=mm&r=g\",\"caption\":\"promiseo\"},\"sameAs\":[\"https:\\\/\\\/jovoutja.eu\"],\"url\":\"https:\\\/\\\/jovoutja.eu\\\/hu\\\/author\\\/promiseo\\\/\"}]}<\/script>\n<!-- \/ Yoast SEO plugin. -->","yoast_head_json":{"title":"Megkezd\u0151d\u00f6tt a csaknem 200 \u00e9ves aba\u00fajsz\u00e1nt\u00f3i Patay-kast\u00e9ly fel\u00faj\u00edt\u00e1sa - J\u00f6v\u0151 \u00datja","robots":{"index":"index","follow":"follow","max-snippet":"max-snippet:-1","max-image-preview":"max-image-preview:large","max-video-preview":"max-video-preview:-1"},"canonical":"https:\/\/jovoutja.eu\/hu\/zacala-sa-obnova-takmer-200-rokov-stareho-kastiela-patay-v-abaujszanto\/","og_locale":"hu_HU","og_type":"article","og_title":"Megkezd\u0151d\u00f6tt a csaknem 200 \u00e9ves aba\u00fajsz\u00e1nt\u00f3i Patay-kast\u00e9ly fel\u00faj\u00edt\u00e1sa - J\u00f6v\u0151 \u00datja","og_description":"A J\u00f6v\u0151 \u00datja Nonprofit Kft. (Via Carpatia EGTC) seg\u00edts\u00e9g\u00e9vel megval\u00f3sul az Aba\u00fajsz\u00e1nt\u00f3-Cekeh\u00e1zi-Patay kast\u00e9ly fel\u00faj\u00edt\u00e1sa. Els\u0151 \u00fctemben a KKM\/44179-3\/2020\/Adm t\u00e1mogat\u00e1si szerz\u0151d\u00e9s \u00c9L\u0150 T\u00d6RT\u00c9NELEM c. projekt k\u00f6lts\u00e9gvet\u00e9se 217 milli\u00f3 forint \u00e9s ebb\u0151l a keretb\u0151l brutt\u00f3 140 milli\u00f3 forintos t\u00e1mogat\u00e1s felhaszn\u00e1l\u00e1s\u00e1val mentik meg a cekeh\u00e1zi kast\u00e9lyt. A t\u00e1mogat\u00e1si szerz\u0151d\u00e9s r\u00e9sz\u00e9t k\u00e9pezi Aba\u00fajsz\u00e1nt\u00f3 testv\u00e9rv\u00e1ros\u00e1nak, a szlov\u00e1kiai Kass\u00e1nak egy turisztikai [&hellip;]","og_url":"https:\/\/jovoutja.eu\/hu\/zacala-sa-obnova-takmer-200-rokov-stareho-kastiela-patay-v-abaujszanto\/","og_site_name":"J\u00f6v\u0151 \u00datja","article_published_time":"2023-05-25T07:17:26+00:00","article_modified_time":"2023-05-25T08:12:03+00:00","og_image":[{"width":1071,"height":667,"url":"https:\/\/jovoutja.eu\/wp-content\/uploads\/2023\/04\/Patay-Kastely-kepek2.jpg","type":"image\/jpeg"}],"author":"promiseo","twitter_card":"summary_large_image","twitter_misc":{"Szerz\u0151:":"promiseo","Becs\u00fclt olvas\u00e1si id\u0151":"2 perc"},"schema":{"@context":"https:\/\/schema.org","@graph":[{"@type":"Article","@id":"https:\/\/jovoutja.eu\/hu\/zacala-sa-obnova-takmer-200-rokov-stareho-kastiela-patay-v-abaujszanto\/#article","isPartOf":{"@id":"https:\/\/jovoutja.eu\/hu\/zacala-sa-obnova-takmer-200-rokov-stareho-kastiela-patay-v-abaujszanto\/"},"author":{"name":"promiseo","@id":"https:\/\/jovoutja.eu\/#\/schema\/person\/ad78fca7d58f189d57a6e54af785b1af"},"headline":"Megkezd\u0151d\u00f6tt a csaknem 200 \u00e9ves aba\u00fajsz\u00e1nt\u00f3i Patay-kast\u00e9ly fel\u00faj\u00edt\u00e1sa","datePublished":"2023-05-25T07:17:26+00:00","dateModified":"2023-05-25T08:12:03+00:00","mainEntityOfPage":{"@id":"https:\/\/jovoutja.eu\/hu\/zacala-sa-obnova-takmer-200-rokov-stareho-kastiela-patay-v-abaujszanto\/"},"wordCount":509,"image":{"@id":"https:\/\/jovoutja.eu\/hu\/zacala-sa-obnova-takmer-200-rokov-stareho-kastiela-patay-v-abaujszanto\/#primaryimage"},"thumbnailUrl":"https:\/\/jovoutja.eu\/wp-content\/uploads\/2023\/04\/Patay-Kastely-kepek2.jpg","inLanguage":"hu"},{"@type":"WebPage","@id":"https:\/\/jovoutja.eu\/hu\/zacala-sa-obnova-takmer-200-rokov-stareho-kastiela-patay-v-abaujszanto\/","url":"https:\/\/jovoutja.eu\/hu\/zacala-sa-obnova-takmer-200-rokov-stareho-kastiela-patay-v-abaujszanto\/","name":"Megkezd\u0151d\u00f6tt a csaknem 200 \u00e9ves aba\u00fajsz\u00e1nt\u00f3i Patay-kast\u00e9ly fel\u00faj\u00edt\u00e1sa - J\u00f6v\u0151 \u00datja","isPartOf":{"@id":"https:\/\/jovoutja.eu\/#website"},"primaryImageOfPage":{"@id":"https:\/\/jovoutja.eu\/hu\/zacala-sa-obnova-takmer-200-rokov-stareho-kastiela-patay-v-abaujszanto\/#primaryimage"},"image":{"@id":"https:\/\/jovoutja.eu\/hu\/zacala-sa-obnova-takmer-200-rokov-stareho-kastiela-patay-v-abaujszanto\/#primaryimage"},"thumbnailUrl":"https:\/\/jovoutja.eu\/wp-content\/uploads\/2023\/04\/Patay-Kastely-kepek2.jpg","datePublished":"2023-05-25T07:17:26+00:00","dateModified":"2023-05-25T08:12:03+00:00","author":{"@id":"https:\/\/jovoutja.eu\/#\/schema\/person\/ad78fca7d58f189d57a6e54af785b1af"},"breadcrumb":{"@id":"https:\/\/jovoutja.eu\/hu\/zacala-sa-obnova-takmer-200-rokov-stareho-kastiela-patay-v-abaujszanto\/#breadcrumb"},"inLanguage":"hu","potentialAction":[{"@type":"ReadAction","target":["https:\/\/jovoutja.eu\/hu\/zacala-sa-obnova-takmer-200-rokov-stareho-kastiela-patay-v-abaujszanto\/"]}]},{"@type":"ImageObject","inLanguage":"hu","@id":"https:\/\/jovoutja.eu\/hu\/zacala-sa-obnova-takmer-200-rokov-stareho-kastiela-patay-v-abaujszanto\/#primaryimage","url":"https:\/\/jovoutja.eu\/wp-content\/uploads\/2023\/04\/Patay-Kastely-kepek2.jpg","contentUrl":"https:\/\/jovoutja.eu\/wp-content\/uploads\/2023\/04\/Patay-Kastely-kepek2.jpg","width":1071,"height":667},{"@type":"BreadcrumbList","@id":"https:\/\/jovoutja.eu\/hu\/zacala-sa-obnova-takmer-200-rokov-stareho-kastiela-patay-v-abaujszanto\/#breadcrumb","itemListElement":[{"@type":"ListItem","position":1,"name":"Home","item":"https:\/\/jovoutja.eu\/"},{"@type":"ListItem","position":2,"name":"Megkezd\u0151d\u00f6tt a csaknem 200 \u00e9ves aba\u00fajsz\u00e1nt\u00f3i Patay-kast\u00e9ly fel\u00faj\u00edt\u00e1sa"}]},{"@type":"WebSite","@id":"https:\/\/jovoutja.eu\/#website","url":"https:\/\/jovoutja.eu\/","name":"ViaCarpatia","description":"Sp\u00e1jame historick\u00e9 a kult\u00farno-jazykov\u00e9 trad\u00edcie","alternateName":"ViaCarpatia","potentialAction":[{"@type":"SearchAction","target":{"@type":"EntryPoint","urlTemplate":"https:\/\/jovoutja.eu\/?s={search_term_string}"},"query-input":{"@type":"PropertyValueSpecification","valueRequired":true,"valueName":"search_term_string"}}],"inLanguage":"hu"},{"@type":"Person","@id":"https:\/\/jovoutja.eu\/#\/schema\/person\/ad78fca7d58f189d57a6e54af785b1af","name":"promiseo","image":{"@type":"ImageObject","inLanguage":"hu","@id":"https:\/\/secure.gravatar.com\/avatar\/e836a21cdda7d1a602c49880145b7a9b7a76ee1acdc3df5fb44089ead12fd2b1?s=96&d=mm&r=g","url":"https:\/\/secure.gravatar.com\/avatar\/e836a21cdda7d1a602c49880145b7a9b7a76ee1acdc3df5fb44089ead12fd2b1?s=96&d=mm&r=g","contentUrl":"https:\/\/secure.gravatar.com\/avatar\/e836a21cdda7d1a602c49880145b7a9b7a76ee1acdc3df5fb44089ead12fd2b1?s=96&d=mm&r=g","caption":"promiseo"},"sameAs":["https:\/\/jovoutja.eu"],"url":"https:\/\/jovoutja.eu\/hu\/author\/promiseo\/"}]}},"_links":{"self":[{"href":"https:\/\/jovoutja.eu\/hu\/wp-json\/wp\/v2\/posts\/7744","targetHints":{"allow":["GET"]}}],"collection":[{"href":"https:\/\/jovoutja.eu\/hu\/wp-json\/wp\/v2\/posts"}],"about":[{"href":"https:\/\/jovoutja.eu\/hu\/wp-json\/wp\/v2\/types\/post"}],"author":[{"embeddable":true,"href":"https:\/\/jovoutja.eu\/hu\/wp-json\/wp\/v2\/users\/1"}],"replies":[{"embeddable":true,"href":"https:\/\/jovoutja.eu\/hu\/wp-json\/wp\/v2\/comments?post=7744"}],"version-history":[{"count":2,"href":"https:\/\/jovoutja.eu\/hu\/wp-json\/wp\/v2\/posts\/7744\/revisions"}],"predecessor-version":[{"id":7819,"href":"https:\/\/jovoutja.eu\/hu\/wp-json\/wp\/v2\/posts\/7744\/revisions\/7819"}],"wp:featuredmedia":[{"embeddable":true,"href":"https:\/\/jovoutja.eu\/hu\/wp-json\/wp\/v2\/media\/4221"}],"wp:attachment":[{"href":"https:\/\/jovoutja.eu\/hu\/wp-json\/wp\/v2\/media?parent=7744"}],"wp:term":[{"taxonomy":"category","embeddable":true,"href":"https:\/\/jovoutja.eu\/hu\/wp-json\/wp\/v2\/categories?post=7744"},{"taxonomy":"post_tag","embeddable":true,"href":"https:\/\/jovoutja.eu\/hu\/wp-json\/wp\/v2\/tags?post=7744"}],"curies":[{"name":"wp","href":"https:\/\/api.w.org\/{rel}","templated":true}]}}