{"id":7794,"date":"2023-05-25T09:49:10","date_gmt":"2023-05-25T07:49:10","guid":{"rendered":"https:\/\/jovoutja.eu\/cezhranicny-akcny-plan-zamestnanosti-pre-mikroregion-cserehat-sa-pomaly-ale-isto-blizi-ku-koncu-2\/"},"modified":"2023-05-25T09:49:42","modified_gmt":"2023-05-25T07:49:42","slug":"cezhranicny-akcny-plan-zamestnanosti-pre-mikroregion-cserehat-sa-pomaly-ale-isto-blizi-ku-koncu-2","status":"publish","type":"post","link":"https:\/\/jovoutja.eu\/hu\/cezhranicny-akcny-plan-zamestnanosti-pre-mikroregion-cserehat-sa-pomaly-ale-isto-blizi-ku-koncu-2\/","title":{"rendered":"Lassan, de biztosan a v\u00e9g\u00e9hez k\u00f6zeledik a Csereh\u00e1ti kist\u00e9rs\u00e9g hat\u00e1ron \u00e1tny\u00fal\u00f3 foglalkoztat\u00e1si akci\u00f3terve"},"content":{"rendered":"<p>2022. j\u00fanius 16.- \u00e1n \u00e9s 17.- \u00e9n z\u00e1r\u00f3 konferenci\u00e1t tartottak Tisza\u00fajv\u00e1rosban. Az elm\u00falt 4 \u00e9v sor\u00e1n 7 \u00e9rdekes projekt val\u00f3sult meg, amelyekben k\u00fcl\u00f6nb\u00f6z\u0151 eredm\u00e9nyek sz\u00fclettek. A tavalyi \u00e9vben a projekt 2 r\u00e9sze val\u00f3sult meg, melyben 5 piact\u00e9r megnyit\u00e1s\u00e1ra ker\u00fclt sor, oktat\u00e1si k\u00f6zpont \u00e9p\u00edt\u00e9se, valamint az agromechatronika ter\u00fclet\u00e9re f\u00f3kusz\u00e1l\u00f3 tanul\u00f3i tanterem kialak\u00edt\u00e1sa. A Find your way (Tal\u00e1ld meg az utat) projektnek k\u00f6sz\u00f6nhet\u0151en seg\u00edtett\u00fcnk az embereknek \u00e1ll\u00e1st tal\u00e1lni a munkaer\u0151piacon. Az elm\u00falt h\u00f3napban Via Carpatia r\u00e9szt vett a t\u00f6kolaj-sajtol\u00f3 \u00fczem, a magp\u00f6rk\u00f6l\u0151 \u00e9s a gy\u00fcm\u00f6lcsl\u00e9-sajtol\u00f3 \u00fczem, a savany\u00fak\u00e1poszta-erjeszt\u0151 \u00fczem, valamint a helyi \u00fczlet \u00e9s cukr\u00e1szda \u00fcnnep\u00e9lyes megnyit\u00f3j\u00e1n. \u00c1tadt\u00e1k a Szent Istv\u00e1n H\u00e1zat, \u00e9s platformot alak\u00edtottak ki a helyi termel\u0151k sz\u00e1m\u00e1ra.<\/p>\n<p>A k\u00e9tnapos konferencia sor\u00e1n a projektek eredm\u00e9nyeit egyedi blokkban mutatt\u00e1k be egy lebilincsel\u0151 filmnek k\u00f6sz\u00f6nhet\u0151en, amelyet ezekkel az eml\u00edtett partnerekkel forgattak, \u00e9s a vend\u00e9gek megk\u00f3stolhatt\u00e1k az \u00edzletes helyi term\u00e9keket. A Via Carpatia projektcsapat \u00fagy v\u00e9li, hogy ez volt az els\u0151 sikeres l\u00e9p\u00e9s a Csereh\u00e1ti r\u00e9gi\u00f3 fejl\u0151d\u00e9s\u00e9ben, \u00e9s tov\u00e1bbra is t\u00e1mogatni fogj\u00e1k azokat a projekteket, amelyek hasznot hoznak a j\u00f6v\u0151ben a r\u00e9gi\u00f3 sz\u00e1m\u00e1ra .<\/p>\n","protected":false},"excerpt":{"rendered":"<p>2022. j\u00fanius 16.- \u00e1n \u00e9s 17.- \u00e9n z\u00e1r\u00f3 konferenci\u00e1t tartottak Tisza\u00fajv\u00e1rosban. Az elm\u00falt 4 \u00e9v sor\u00e1n 7 \u00e9rdekes projekt val\u00f3sult meg, amelyekben k\u00fcl\u00f6nb\u00f6z\u0151 eredm\u00e9nyek sz\u00fclettek. A tavalyi \u00e9vben a projekt 2 r\u00e9sze val\u00f3sult meg, melyben 5 piact\u00e9r megnyit\u00e1s\u00e1ra ker\u00fclt sor, oktat\u00e1si k\u00f6zpont \u00e9p\u00edt\u00e9se, valamint az agromechatronika ter\u00fclet\u00e9re f\u00f3kusz\u00e1l\u00f3 tanul\u00f3i tanterem kialak\u00edt\u00e1sa. A Find your way [&hellip;]<\/p>\n","protected":false},"author":1,"featured_media":4947,"comment_status":"closed","ping_status":"open","sticky":false,"template":"","format":"standard","meta":{"inline_featured_image":false,"footnotes":""},"categories":[3],"tags":[],"class_list":["post-7794","post","type-post","status-publish","format-standard","has-post-thumbnail","hentry","category-uncategorized-hu"],"acf":[],"yoast_head":"<!-- This site is optimized with the Yoast SEO plugin v27.5 - https:\/\/yoast.com\/product\/yoast-seo-wordpress\/ -->\n<title>Lassan, de biztosan a v\u00e9g\u00e9hez k\u00f6zeledik a Csereh\u00e1ti kist\u00e9rs\u00e9g hat\u00e1ron \u00e1tny\u00fal\u00f3 foglalkoztat\u00e1si akci\u00f3terve - J\u00f6v\u0151 \u00datja<\/title>\n<meta name=\"robots\" content=\"index, follow, max-snippet:-1, max-image-preview:large, max-video-preview:-1\" \/>\n<link rel=\"canonical\" href=\"https:\/\/jovoutja.eu\/hu\/cezhranicny-akcny-plan-zamestnanosti-pre-mikroregion-cserehat-sa-pomaly-ale-isto-blizi-ku-koncu-2\/\" \/>\n<meta property=\"og:locale\" content=\"hu_HU\" \/>\n<meta property=\"og:type\" content=\"article\" \/>\n<meta property=\"og:title\" content=\"Lassan, de biztosan a v\u00e9g\u00e9hez k\u00f6zeledik a Csereh\u00e1ti kist\u00e9rs\u00e9g hat\u00e1ron \u00e1tny\u00fal\u00f3 foglalkoztat\u00e1si akci\u00f3terve - J\u00f6v\u0151 \u00datja\" \/>\n<meta property=\"og:description\" content=\"2022. j\u00fanius 16.- \u00e1n \u00e9s 17.- \u00e9n z\u00e1r\u00f3 konferenci\u00e1t tartottak Tisza\u00fajv\u00e1rosban. Az elm\u00falt 4 \u00e9v sor\u00e1n 7 \u00e9rdekes projekt val\u00f3sult meg, amelyekben k\u00fcl\u00f6nb\u00f6z\u0151 eredm\u00e9nyek sz\u00fclettek. A tavalyi \u00e9vben a projekt 2 r\u00e9sze val\u00f3sult meg, melyben 5 piact\u00e9r megnyit\u00e1s\u00e1ra ker\u00fclt sor, oktat\u00e1si k\u00f6zpont \u00e9p\u00edt\u00e9se, valamint az agromechatronika ter\u00fclet\u00e9re f\u00f3kusz\u00e1l\u00f3 tanul\u00f3i tanterem kialak\u00edt\u00e1sa. A Find your way [&hellip;]\" \/>\n<meta property=\"og:url\" content=\"https:\/\/jovoutja.eu\/hu\/cezhranicny-akcny-plan-zamestnanosti-pre-mikroregion-cserehat-sa-pomaly-ale-isto-blizi-ku-koncu-2\/\" \/>\n<meta property=\"og:site_name\" content=\"J\u00f6v\u0151 \u00datja\" \/>\n<meta property=\"article:published_time\" content=\"2023-05-25T07:49:10+00:00\" \/>\n<meta property=\"article:modified_time\" content=\"2023-05-25T07:49:42+00:00\" \/>\n<meta property=\"og:image\" content=\"https:\/\/jovoutja.eu\/wp-content\/uploads\/2023\/04\/62b96ba75c1510fd6a8b4567.jpg\" \/>\n\t<meta property=\"og:image:width\" content=\"766\" \/>\n\t<meta property=\"og:image:height\" content=\"480\" \/>\n\t<meta property=\"og:image:type\" content=\"image\/jpeg\" \/>\n<meta name=\"author\" content=\"promiseo\" \/>\n<meta name=\"twitter:card\" content=\"summary_large_image\" \/>\n<meta name=\"twitter:label1\" content=\"Szerz\u0151:\" \/>\n\t<meta name=\"twitter:data1\" content=\"promiseo\" \/>\n<script type=\"application\/ld+json\" class=\"yoast-schema-graph\">{\"@context\":\"https:\\\/\\\/schema.org\",\"@graph\":[{\"@type\":\"Article\",\"@id\":\"https:\\\/\\\/jovoutja.eu\\\/hu\\\/cezhranicny-akcny-plan-zamestnanosti-pre-mikroregion-cserehat-sa-pomaly-ale-isto-blizi-ku-koncu-2\\\/#article\",\"isPartOf\":{\"@id\":\"https:\\\/\\\/jovoutja.eu\\\/hu\\\/cezhranicny-akcny-plan-zamestnanosti-pre-mikroregion-cserehat-sa-pomaly-ale-isto-blizi-ku-koncu-2\\\/\"},\"author\":{\"name\":\"promiseo\",\"@id\":\"https:\\\/\\\/jovoutja.eu\\\/#\\\/schema\\\/person\\\/ad78fca7d58f189d57a6e54af785b1af\"},\"headline\":\"Lassan, de biztosan a v\u00e9g\u00e9hez k\u00f6zeledik a Csereh\u00e1ti kist\u00e9rs\u00e9g hat\u00e1ron \u00e1tny\u00fal\u00f3 foglalkoztat\u00e1si akci\u00f3terve\",\"datePublished\":\"2023-05-25T07:49:10+00:00\",\"dateModified\":\"2023-05-25T07:49:42+00:00\",\"mainEntityOfPage\":{\"@id\":\"https:\\\/\\\/jovoutja.eu\\\/hu\\\/cezhranicny-akcny-plan-zamestnanosti-pre-mikroregion-cserehat-sa-pomaly-ale-isto-blizi-ku-koncu-2\\\/\"},\"wordCount\":277,\"image\":{\"@id\":\"https:\\\/\\\/jovoutja.eu\\\/hu\\\/cezhranicny-akcny-plan-zamestnanosti-pre-mikroregion-cserehat-sa-pomaly-ale-isto-blizi-ku-koncu-2\\\/#primaryimage\"},\"thumbnailUrl\":\"https:\\\/\\\/jovoutja.eu\\\/wp-content\\\/uploads\\\/2023\\\/04\\\/62b96ba75c1510fd6a8b4567.jpg\",\"articleSection\":[\"Uncategorized @hu\"],\"inLanguage\":\"hu\"},{\"@type\":\"WebPage\",\"@id\":\"https:\\\/\\\/jovoutja.eu\\\/hu\\\/cezhranicny-akcny-plan-zamestnanosti-pre-mikroregion-cserehat-sa-pomaly-ale-isto-blizi-ku-koncu-2\\\/\",\"url\":\"https:\\\/\\\/jovoutja.eu\\\/hu\\\/cezhranicny-akcny-plan-zamestnanosti-pre-mikroregion-cserehat-sa-pomaly-ale-isto-blizi-ku-koncu-2\\\/\",\"name\":\"Lassan, de biztosan a v\u00e9g\u00e9hez k\u00f6zeledik a Csereh\u00e1ti kist\u00e9rs\u00e9g hat\u00e1ron \u00e1tny\u00fal\u00f3 foglalkoztat\u00e1si akci\u00f3terve - J\u00f6v\u0151 \u00datja\",\"isPartOf\":{\"@id\":\"https:\\\/\\\/jovoutja.eu\\\/#website\"},\"primaryImageOfPage\":{\"@id\":\"https:\\\/\\\/jovoutja.eu\\\/hu\\\/cezhranicny-akcny-plan-zamestnanosti-pre-mikroregion-cserehat-sa-pomaly-ale-isto-blizi-ku-koncu-2\\\/#primaryimage\"},\"image\":{\"@id\":\"https:\\\/\\\/jovoutja.eu\\\/hu\\\/cezhranicny-akcny-plan-zamestnanosti-pre-mikroregion-cserehat-sa-pomaly-ale-isto-blizi-ku-koncu-2\\\/#primaryimage\"},\"thumbnailUrl\":\"https:\\\/\\\/jovoutja.eu\\\/wp-content\\\/uploads\\\/2023\\\/04\\\/62b96ba75c1510fd6a8b4567.jpg\",\"datePublished\":\"2023-05-25T07:49:10+00:00\",\"dateModified\":\"2023-05-25T07:49:42+00:00\",\"author\":{\"@id\":\"https:\\\/\\\/jovoutja.eu\\\/#\\\/schema\\\/person\\\/ad78fca7d58f189d57a6e54af785b1af\"},\"breadcrumb\":{\"@id\":\"https:\\\/\\\/jovoutja.eu\\\/hu\\\/cezhranicny-akcny-plan-zamestnanosti-pre-mikroregion-cserehat-sa-pomaly-ale-isto-blizi-ku-koncu-2\\\/#breadcrumb\"},\"inLanguage\":\"hu\",\"potentialAction\":[{\"@type\":\"ReadAction\",\"target\":[\"https:\\\/\\\/jovoutja.eu\\\/hu\\\/cezhranicny-akcny-plan-zamestnanosti-pre-mikroregion-cserehat-sa-pomaly-ale-isto-blizi-ku-koncu-2\\\/\"]}]},{\"@type\":\"ImageObject\",\"inLanguage\":\"hu\",\"@id\":\"https:\\\/\\\/jovoutja.eu\\\/hu\\\/cezhranicny-akcny-plan-zamestnanosti-pre-mikroregion-cserehat-sa-pomaly-ale-isto-blizi-ku-koncu-2\\\/#primaryimage\",\"url\":\"https:\\\/\\\/jovoutja.eu\\\/wp-content\\\/uploads\\\/2023\\\/04\\\/62b96ba75c1510fd6a8b4567.jpg\",\"contentUrl\":\"https:\\\/\\\/jovoutja.eu\\\/wp-content\\\/uploads\\\/2023\\\/04\\\/62b96ba75c1510fd6a8b4567.jpg\",\"width\":766,\"height\":480},{\"@type\":\"BreadcrumbList\",\"@id\":\"https:\\\/\\\/jovoutja.eu\\\/hu\\\/cezhranicny-akcny-plan-zamestnanosti-pre-mikroregion-cserehat-sa-pomaly-ale-isto-blizi-ku-koncu-2\\\/#breadcrumb\",\"itemListElement\":[{\"@type\":\"ListItem\",\"position\":1,\"name\":\"Home\",\"item\":\"https:\\\/\\\/jovoutja.eu\\\/\"},{\"@type\":\"ListItem\",\"position\":2,\"name\":\"Lassan, de biztosan a v\u00e9g\u00e9hez k\u00f6zeledik a Csereh\u00e1ti kist\u00e9rs\u00e9g hat\u00e1ron \u00e1tny\u00fal\u00f3 foglalkoztat\u00e1si akci\u00f3terve\"}]},{\"@type\":\"WebSite\",\"@id\":\"https:\\\/\\\/jovoutja.eu\\\/#website\",\"url\":\"https:\\\/\\\/jovoutja.eu\\\/\",\"name\":\"ViaCarpatia\",\"description\":\"Sp\u00e1jame historick\u00e9 a kult\u00farno-jazykov\u00e9 trad\u00edcie\",\"alternateName\":\"ViaCarpatia\",\"potentialAction\":[{\"@type\":\"SearchAction\",\"target\":{\"@type\":\"EntryPoint\",\"urlTemplate\":\"https:\\\/\\\/jovoutja.eu\\\/?s={search_term_string}\"},\"query-input\":{\"@type\":\"PropertyValueSpecification\",\"valueRequired\":true,\"valueName\":\"search_term_string\"}}],\"inLanguage\":\"hu\"},{\"@type\":\"Person\",\"@id\":\"https:\\\/\\\/jovoutja.eu\\\/#\\\/schema\\\/person\\\/ad78fca7d58f189d57a6e54af785b1af\",\"name\":\"promiseo\",\"image\":{\"@type\":\"ImageObject\",\"inLanguage\":\"hu\",\"@id\":\"https:\\\/\\\/secure.gravatar.com\\\/avatar\\\/e836a21cdda7d1a602c49880145b7a9b7a76ee1acdc3df5fb44089ead12fd2b1?s=96&d=mm&r=g\",\"url\":\"https:\\\/\\\/secure.gravatar.com\\\/avatar\\\/e836a21cdda7d1a602c49880145b7a9b7a76ee1acdc3df5fb44089ead12fd2b1?s=96&d=mm&r=g\",\"contentUrl\":\"https:\\\/\\\/secure.gravatar.com\\\/avatar\\\/e836a21cdda7d1a602c49880145b7a9b7a76ee1acdc3df5fb44089ead12fd2b1?s=96&d=mm&r=g\",\"caption\":\"promiseo\"},\"sameAs\":[\"https:\\\/\\\/jovoutja.eu\"],\"url\":\"https:\\\/\\\/jovoutja.eu\\\/hu\\\/author\\\/promiseo\\\/\"}]}<\/script>\n<!-- \/ Yoast SEO plugin. -->","yoast_head_json":{"title":"Lassan, de biztosan a v\u00e9g\u00e9hez k\u00f6zeledik a Csereh\u00e1ti kist\u00e9rs\u00e9g hat\u00e1ron \u00e1tny\u00fal\u00f3 foglalkoztat\u00e1si akci\u00f3terve - J\u00f6v\u0151 \u00datja","robots":{"index":"index","follow":"follow","max-snippet":"max-snippet:-1","max-image-preview":"max-image-preview:large","max-video-preview":"max-video-preview:-1"},"canonical":"https:\/\/jovoutja.eu\/hu\/cezhranicny-akcny-plan-zamestnanosti-pre-mikroregion-cserehat-sa-pomaly-ale-isto-blizi-ku-koncu-2\/","og_locale":"hu_HU","og_type":"article","og_title":"Lassan, de biztosan a v\u00e9g\u00e9hez k\u00f6zeledik a Csereh\u00e1ti kist\u00e9rs\u00e9g hat\u00e1ron \u00e1tny\u00fal\u00f3 foglalkoztat\u00e1si akci\u00f3terve - J\u00f6v\u0151 \u00datja","og_description":"2022. j\u00fanius 16.- \u00e1n \u00e9s 17.- \u00e9n z\u00e1r\u00f3 konferenci\u00e1t tartottak Tisza\u00fajv\u00e1rosban. Az elm\u00falt 4 \u00e9v sor\u00e1n 7 \u00e9rdekes projekt val\u00f3sult meg, amelyekben k\u00fcl\u00f6nb\u00f6z\u0151 eredm\u00e9nyek sz\u00fclettek. A tavalyi \u00e9vben a projekt 2 r\u00e9sze val\u00f3sult meg, melyben 5 piact\u00e9r megnyit\u00e1s\u00e1ra ker\u00fclt sor, oktat\u00e1si k\u00f6zpont \u00e9p\u00edt\u00e9se, valamint az agromechatronika ter\u00fclet\u00e9re f\u00f3kusz\u00e1l\u00f3 tanul\u00f3i tanterem kialak\u00edt\u00e1sa. A Find your way [&hellip;]","og_url":"https:\/\/jovoutja.eu\/hu\/cezhranicny-akcny-plan-zamestnanosti-pre-mikroregion-cserehat-sa-pomaly-ale-isto-blizi-ku-koncu-2\/","og_site_name":"J\u00f6v\u0151 \u00datja","article_published_time":"2023-05-25T07:49:10+00:00","article_modified_time":"2023-05-25T07:49:42+00:00","og_image":[{"width":766,"height":480,"url":"https:\/\/jovoutja.eu\/wp-content\/uploads\/2023\/04\/62b96ba75c1510fd6a8b4567.jpg","type":"image\/jpeg"}],"author":"promiseo","twitter_card":"summary_large_image","twitter_misc":{"Szerz\u0151:":"promiseo"},"schema":{"@context":"https:\/\/schema.org","@graph":[{"@type":"Article","@id":"https:\/\/jovoutja.eu\/hu\/cezhranicny-akcny-plan-zamestnanosti-pre-mikroregion-cserehat-sa-pomaly-ale-isto-blizi-ku-koncu-2\/#article","isPartOf":{"@id":"https:\/\/jovoutja.eu\/hu\/cezhranicny-akcny-plan-zamestnanosti-pre-mikroregion-cserehat-sa-pomaly-ale-isto-blizi-ku-koncu-2\/"},"author":{"name":"promiseo","@id":"https:\/\/jovoutja.eu\/#\/schema\/person\/ad78fca7d58f189d57a6e54af785b1af"},"headline":"Lassan, de biztosan a v\u00e9g\u00e9hez k\u00f6zeledik a Csereh\u00e1ti kist\u00e9rs\u00e9g hat\u00e1ron \u00e1tny\u00fal\u00f3 foglalkoztat\u00e1si akci\u00f3terve","datePublished":"2023-05-25T07:49:10+00:00","dateModified":"2023-05-25T07:49:42+00:00","mainEntityOfPage":{"@id":"https:\/\/jovoutja.eu\/hu\/cezhranicny-akcny-plan-zamestnanosti-pre-mikroregion-cserehat-sa-pomaly-ale-isto-blizi-ku-koncu-2\/"},"wordCount":277,"image":{"@id":"https:\/\/jovoutja.eu\/hu\/cezhranicny-akcny-plan-zamestnanosti-pre-mikroregion-cserehat-sa-pomaly-ale-isto-blizi-ku-koncu-2\/#primaryimage"},"thumbnailUrl":"https:\/\/jovoutja.eu\/wp-content\/uploads\/2023\/04\/62b96ba75c1510fd6a8b4567.jpg","articleSection":["Uncategorized @hu"],"inLanguage":"hu"},{"@type":"WebPage","@id":"https:\/\/jovoutja.eu\/hu\/cezhranicny-akcny-plan-zamestnanosti-pre-mikroregion-cserehat-sa-pomaly-ale-isto-blizi-ku-koncu-2\/","url":"https:\/\/jovoutja.eu\/hu\/cezhranicny-akcny-plan-zamestnanosti-pre-mikroregion-cserehat-sa-pomaly-ale-isto-blizi-ku-koncu-2\/","name":"Lassan, de biztosan a v\u00e9g\u00e9hez k\u00f6zeledik a Csereh\u00e1ti kist\u00e9rs\u00e9g hat\u00e1ron \u00e1tny\u00fal\u00f3 foglalkoztat\u00e1si akci\u00f3terve - J\u00f6v\u0151 \u00datja","isPartOf":{"@id":"https:\/\/jovoutja.eu\/#website"},"primaryImageOfPage":{"@id":"https:\/\/jovoutja.eu\/hu\/cezhranicny-akcny-plan-zamestnanosti-pre-mikroregion-cserehat-sa-pomaly-ale-isto-blizi-ku-koncu-2\/#primaryimage"},"image":{"@id":"https:\/\/jovoutja.eu\/hu\/cezhranicny-akcny-plan-zamestnanosti-pre-mikroregion-cserehat-sa-pomaly-ale-isto-blizi-ku-koncu-2\/#primaryimage"},"thumbnailUrl":"https:\/\/jovoutja.eu\/wp-content\/uploads\/2023\/04\/62b96ba75c1510fd6a8b4567.jpg","datePublished":"2023-05-25T07:49:10+00:00","dateModified":"2023-05-25T07:49:42+00:00","author":{"@id":"https:\/\/jovoutja.eu\/#\/schema\/person\/ad78fca7d58f189d57a6e54af785b1af"},"breadcrumb":{"@id":"https:\/\/jovoutja.eu\/hu\/cezhranicny-akcny-plan-zamestnanosti-pre-mikroregion-cserehat-sa-pomaly-ale-isto-blizi-ku-koncu-2\/#breadcrumb"},"inLanguage":"hu","potentialAction":[{"@type":"ReadAction","target":["https:\/\/jovoutja.eu\/hu\/cezhranicny-akcny-plan-zamestnanosti-pre-mikroregion-cserehat-sa-pomaly-ale-isto-blizi-ku-koncu-2\/"]}]},{"@type":"ImageObject","inLanguage":"hu","@id":"https:\/\/jovoutja.eu\/hu\/cezhranicny-akcny-plan-zamestnanosti-pre-mikroregion-cserehat-sa-pomaly-ale-isto-blizi-ku-koncu-2\/#primaryimage","url":"https:\/\/jovoutja.eu\/wp-content\/uploads\/2023\/04\/62b96ba75c1510fd6a8b4567.jpg","contentUrl":"https:\/\/jovoutja.eu\/wp-content\/uploads\/2023\/04\/62b96ba75c1510fd6a8b4567.jpg","width":766,"height":480},{"@type":"BreadcrumbList","@id":"https:\/\/jovoutja.eu\/hu\/cezhranicny-akcny-plan-zamestnanosti-pre-mikroregion-cserehat-sa-pomaly-ale-isto-blizi-ku-koncu-2\/#breadcrumb","itemListElement":[{"@type":"ListItem","position":1,"name":"Home","item":"https:\/\/jovoutja.eu\/"},{"@type":"ListItem","position":2,"name":"Lassan, de biztosan a v\u00e9g\u00e9hez k\u00f6zeledik a Csereh\u00e1ti kist\u00e9rs\u00e9g hat\u00e1ron \u00e1tny\u00fal\u00f3 foglalkoztat\u00e1si akci\u00f3terve"}]},{"@type":"WebSite","@id":"https:\/\/jovoutja.eu\/#website","url":"https:\/\/jovoutja.eu\/","name":"ViaCarpatia","description":"Sp\u00e1jame historick\u00e9 a kult\u00farno-jazykov\u00e9 trad\u00edcie","alternateName":"ViaCarpatia","potentialAction":[{"@type":"SearchAction","target":{"@type":"EntryPoint","urlTemplate":"https:\/\/jovoutja.eu\/?s={search_term_string}"},"query-input":{"@type":"PropertyValueSpecification","valueRequired":true,"valueName":"search_term_string"}}],"inLanguage":"hu"},{"@type":"Person","@id":"https:\/\/jovoutja.eu\/#\/schema\/person\/ad78fca7d58f189d57a6e54af785b1af","name":"promiseo","image":{"@type":"ImageObject","inLanguage":"hu","@id":"https:\/\/secure.gravatar.com\/avatar\/e836a21cdda7d1a602c49880145b7a9b7a76ee1acdc3df5fb44089ead12fd2b1?s=96&d=mm&r=g","url":"https:\/\/secure.gravatar.com\/avatar\/e836a21cdda7d1a602c49880145b7a9b7a76ee1acdc3df5fb44089ead12fd2b1?s=96&d=mm&r=g","contentUrl":"https:\/\/secure.gravatar.com\/avatar\/e836a21cdda7d1a602c49880145b7a9b7a76ee1acdc3df5fb44089ead12fd2b1?s=96&d=mm&r=g","caption":"promiseo"},"sameAs":["https:\/\/jovoutja.eu"],"url":"https:\/\/jovoutja.eu\/hu\/author\/promiseo\/"}]}},"_links":{"self":[{"href":"https:\/\/jovoutja.eu\/hu\/wp-json\/wp\/v2\/posts\/7794","targetHints":{"allow":["GET"]}}],"collection":[{"href":"https:\/\/jovoutja.eu\/hu\/wp-json\/wp\/v2\/posts"}],"about":[{"href":"https:\/\/jovoutja.eu\/hu\/wp-json\/wp\/v2\/types\/post"}],"author":[{"embeddable":true,"href":"https:\/\/jovoutja.eu\/hu\/wp-json\/wp\/v2\/users\/1"}],"replies":[{"embeddable":true,"href":"https:\/\/jovoutja.eu\/hu\/wp-json\/wp\/v2\/comments?post=7794"}],"version-history":[{"count":1,"href":"https:\/\/jovoutja.eu\/hu\/wp-json\/wp\/v2\/posts\/7794\/revisions"}],"predecessor-version":[{"id":7795,"href":"https:\/\/jovoutja.eu\/hu\/wp-json\/wp\/v2\/posts\/7794\/revisions\/7795"}],"wp:featuredmedia":[{"embeddable":true,"href":"https:\/\/jovoutja.eu\/hu\/wp-json\/wp\/v2\/media\/4947"}],"wp:attachment":[{"href":"https:\/\/jovoutja.eu\/hu\/wp-json\/wp\/v2\/media?parent=7794"}],"wp:term":[{"taxonomy":"category","embeddable":true,"href":"https:\/\/jovoutja.eu\/hu\/wp-json\/wp\/v2\/categories?post=7794"},{"taxonomy":"post_tag","embeddable":true,"href":"https:\/\/jovoutja.eu\/hu\/wp-json\/wp\/v2\/tags?post=7794"}],"curies":[{"name":"wp","href":"https:\/\/api.w.org\/{rel}","templated":true}]}}