{"id":7901,"date":"2024-03-21T14:14:09","date_gmt":"2024-03-21T13:14:09","guid":{"rendered":"https:\/\/jovoutja.eu\/?p=7901"},"modified":"2024-03-22T15:13:27","modified_gmt":"2024-03-22T14:13:27","slug":"uj-partnersegeket-epitunk-az-uj-projektekhez","status":"publish","type":"post","link":"https:\/\/jovoutja.eu\/hu\/uj-partnersegeket-epitunk-az-uj-projektekhez\/","title":{"rendered":"\u00daj partners\u00e9geket \u00e9p\u00edt\u00fcnk az \u00faj projektekhez"},"content":{"rendered":"<p>Febru\u00e1r 22. \u00e9s 23. k\u00f6z\u00f6tt megrendez\u00e9sre ker\u00fclt partners\u00e9g \u00e9p\u00edt\u0151 f\u00f3rum Magyarorsz\u00e1gon, Vanyarcon a Magyar Lovas Turisztikai K\u00f6zhaszn\u00fa Egyes\u00fclet k\u00f6zpontj\u00e1ban. K\u00e9t napon \u00e1t fejlesztett\u00fck a tud\u00e1sunkat \u00faj t\u00e9m\u00e1kban annak \u00e9rdek\u00e9ben, hogy sikeresek legy\u00fcnk az \u00faj projektjeinkben. K\u00f6sz\u00f6nj\u00fck a Lovas Turisztikai K\u00f6zhaszn\u00fa Egyes\u00fcletnek, hogy lehet\u0151s\u00e9get biztos\u00edtott az esem\u00e9ny megtart\u00e1s\u00e1ra \u00e9s szakmai tan\u00e1csukkal n\u00f6velt\u00e9k az esem\u00e9ny sz\u00ednvonal\u00e1t.<\/p>\n","protected":false},"excerpt":{"rendered":"<p>Febru\u00e1r 22. \u00e9s 23. k\u00f6z\u00f6tt megrendez\u00e9sre ker\u00fclt partners\u00e9g \u00e9p\u00edt\u0151 f\u00f3rum Magyarorsz\u00e1gon, Vanyarcon a Magyar Lovas Turisztikai K\u00f6zhaszn\u00fa Egyes\u00fclet k\u00f6zpontj\u00e1ban. K\u00e9t napon \u00e1t fejlesztett\u00fck a tud\u00e1sunkat \u00faj t\u00e9m\u00e1kban annak \u00e9rdek\u00e9ben, hogy sikeresek legy\u00fcnk az \u00faj projektjeinkben. K\u00f6sz\u00f6nj\u00fck a Lovas Turisztikai K\u00f6zhaszn\u00fa Egyes\u00fcletnek, hogy lehet\u0151s\u00e9get biztos\u00edtott az esem\u00e9ny megtart\u00e1s\u00e1ra \u00e9s szakmai tan\u00e1csukkal n\u00f6velt\u00e9k az esem\u00e9ny sz\u00ednvonal\u00e1t.<\/p>\n","protected":false},"author":2,"featured_media":7889,"comment_status":"closed","ping_status":"open","sticky":false,"template":"","format":"standard","meta":{"inline_featured_image":false,"footnotes":""},"categories":[3],"tags":[],"class_list":["post-7901","post","type-post","status-publish","format-standard","has-post-thumbnail","hentry","category-uncategorized-hu"],"acf":[],"yoast_head":"<!-- This site is optimized with the Yoast SEO plugin v27.5 - https:\/\/yoast.com\/product\/yoast-seo-wordpress\/ -->\n<title>\u00daj partners\u00e9geket \u00e9p\u00edt\u00fcnk az \u00faj projektekhez - J\u00f6v\u0151 \u00datja<\/title>\n<meta name=\"robots\" content=\"index, follow, max-snippet:-1, max-image-preview:large, max-video-preview:-1\" \/>\n<link rel=\"canonical\" href=\"https:\/\/jovoutja.eu\/hu\/uj-partnersegeket-epitunk-az-uj-projektekhez\/\" \/>\n<meta property=\"og:locale\" content=\"hu_HU\" \/>\n<meta property=\"og:type\" content=\"article\" \/>\n<meta property=\"og:title\" content=\"\u00daj partners\u00e9geket \u00e9p\u00edt\u00fcnk az \u00faj projektekhez - J\u00f6v\u0151 \u00datja\" \/>\n<meta property=\"og:description\" content=\"Febru\u00e1r 22. \u00e9s 23. k\u00f6z\u00f6tt megrendez\u00e9sre ker\u00fclt partners\u00e9g \u00e9p\u00edt\u0151 f\u00f3rum Magyarorsz\u00e1gon, Vanyarcon a Magyar Lovas Turisztikai K\u00f6zhaszn\u00fa Egyes\u00fclet k\u00f6zpontj\u00e1ban. K\u00e9t napon \u00e1t fejlesztett\u00fck a tud\u00e1sunkat \u00faj t\u00e9m\u00e1kban annak \u00e9rdek\u00e9ben, hogy sikeresek legy\u00fcnk az \u00faj projektjeinkben. K\u00f6sz\u00f6nj\u00fck a Lovas Turisztikai K\u00f6zhaszn\u00fa Egyes\u00fcletnek, hogy lehet\u0151s\u00e9get biztos\u00edtott az esem\u00e9ny megtart\u00e1s\u00e1ra \u00e9s szakmai tan\u00e1csukkal n\u00f6velt\u00e9k az esem\u00e9ny sz\u00ednvonal\u00e1t.\" \/>\n<meta property=\"og:url\" content=\"https:\/\/jovoutja.eu\/hu\/uj-partnersegeket-epitunk-az-uj-projektekhez\/\" \/>\n<meta property=\"og:site_name\" content=\"J\u00f6v\u0151 \u00datja\" \/>\n<meta property=\"article:published_time\" content=\"2024-03-21T13:14:09+00:00\" \/>\n<meta property=\"article:modified_time\" content=\"2024-03-22T14:13:27+00:00\" \/>\n<meta property=\"og:image\" content=\"https:\/\/jovoutja.eu\/wp-content\/uploads\/2024\/03\/IMG_0106.jpg\" \/>\n\t<meta property=\"og:image:width\" content=\"1512\" \/>\n\t<meta property=\"og:image:height\" content=\"2016\" \/>\n\t<meta property=\"og:image:type\" content=\"image\/jpeg\" \/>\n<meta name=\"author\" content=\"jovoutja\" \/>\n<meta name=\"twitter:card\" content=\"summary_large_image\" \/>\n<meta name=\"twitter:label1\" content=\"Szerz\u0151:\" \/>\n\t<meta name=\"twitter:data1\" content=\"jovoutja\" \/>\n\t<meta name=\"twitter:label2\" content=\"Becs\u00fclt olvas\u00e1si id\u0151\" \/>\n\t<meta name=\"twitter:data2\" content=\"1 perc\" \/>\n<script type=\"application\/ld+json\" class=\"yoast-schema-graph\">{\"@context\":\"https:\\\/\\\/schema.org\",\"@graph\":[{\"@type\":\"Article\",\"@id\":\"https:\\\/\\\/jovoutja.eu\\\/hu\\\/uj-partnersegeket-epitunk-az-uj-projektekhez\\\/#article\",\"isPartOf\":{\"@id\":\"https:\\\/\\\/jovoutja.eu\\\/hu\\\/uj-partnersegeket-epitunk-az-uj-projektekhez\\\/\"},\"author\":{\"name\":\"jovoutja\",\"@id\":\"https:\\\/\\\/jovoutja.eu\\\/#\\\/schema\\\/person\\\/1c0eeff15f147a522d8c802fbf5d011f\"},\"headline\":\"\u00daj partners\u00e9geket \u00e9p\u00edt\u00fcnk az \u00faj projektekhez\",\"datePublished\":\"2024-03-21T13:14:09+00:00\",\"dateModified\":\"2024-03-22T14:13:27+00:00\",\"mainEntityOfPage\":{\"@id\":\"https:\\\/\\\/jovoutja.eu\\\/hu\\\/uj-partnersegeket-epitunk-az-uj-projektekhez\\\/\"},\"wordCount\":98,\"image\":{\"@id\":\"https:\\\/\\\/jovoutja.eu\\\/hu\\\/uj-partnersegeket-epitunk-az-uj-projektekhez\\\/#primaryimage\"},\"thumbnailUrl\":\"https:\\\/\\\/jovoutja.eu\\\/wp-content\\\/uploads\\\/2024\\\/03\\\/IMG_0106.jpg\",\"articleSection\":[\"Uncategorized @hu\"],\"inLanguage\":\"hu\"},{\"@type\":\"WebPage\",\"@id\":\"https:\\\/\\\/jovoutja.eu\\\/hu\\\/uj-partnersegeket-epitunk-az-uj-projektekhez\\\/\",\"url\":\"https:\\\/\\\/jovoutja.eu\\\/hu\\\/uj-partnersegeket-epitunk-az-uj-projektekhez\\\/\",\"name\":\"\u00daj partners\u00e9geket \u00e9p\u00edt\u00fcnk az \u00faj projektekhez - J\u00f6v\u0151 \u00datja\",\"isPartOf\":{\"@id\":\"https:\\\/\\\/jovoutja.eu\\\/#website\"},\"primaryImageOfPage\":{\"@id\":\"https:\\\/\\\/jovoutja.eu\\\/hu\\\/uj-partnersegeket-epitunk-az-uj-projektekhez\\\/#primaryimage\"},\"image\":{\"@id\":\"https:\\\/\\\/jovoutja.eu\\\/hu\\\/uj-partnersegeket-epitunk-az-uj-projektekhez\\\/#primaryimage\"},\"thumbnailUrl\":\"https:\\\/\\\/jovoutja.eu\\\/wp-content\\\/uploads\\\/2024\\\/03\\\/IMG_0106.jpg\",\"datePublished\":\"2024-03-21T13:14:09+00:00\",\"dateModified\":\"2024-03-22T14:13:27+00:00\",\"author\":{\"@id\":\"https:\\\/\\\/jovoutja.eu\\\/#\\\/schema\\\/person\\\/1c0eeff15f147a522d8c802fbf5d011f\"},\"breadcrumb\":{\"@id\":\"https:\\\/\\\/jovoutja.eu\\\/hu\\\/uj-partnersegeket-epitunk-az-uj-projektekhez\\\/#breadcrumb\"},\"inLanguage\":\"hu\",\"potentialAction\":[{\"@type\":\"ReadAction\",\"target\":[\"https:\\\/\\\/jovoutja.eu\\\/hu\\\/uj-partnersegeket-epitunk-az-uj-projektekhez\\\/\"]}]},{\"@type\":\"ImageObject\",\"inLanguage\":\"hu\",\"@id\":\"https:\\\/\\\/jovoutja.eu\\\/hu\\\/uj-partnersegeket-epitunk-az-uj-projektekhez\\\/#primaryimage\",\"url\":\"https:\\\/\\\/jovoutja.eu\\\/wp-content\\\/uploads\\\/2024\\\/03\\\/IMG_0106.jpg\",\"contentUrl\":\"https:\\\/\\\/jovoutja.eu\\\/wp-content\\\/uploads\\\/2024\\\/03\\\/IMG_0106.jpg\",\"width\":1512,\"height\":2016},{\"@type\":\"BreadcrumbList\",\"@id\":\"https:\\\/\\\/jovoutja.eu\\\/hu\\\/uj-partnersegeket-epitunk-az-uj-projektekhez\\\/#breadcrumb\",\"itemListElement\":[{\"@type\":\"ListItem\",\"position\":1,\"name\":\"Home\",\"item\":\"https:\\\/\\\/jovoutja.eu\\\/\"},{\"@type\":\"ListItem\",\"position\":2,\"name\":\"\u00daj partners\u00e9geket \u00e9p\u00edt\u00fcnk az \u00faj projektekhez\"}]},{\"@type\":\"WebSite\",\"@id\":\"https:\\\/\\\/jovoutja.eu\\\/#website\",\"url\":\"https:\\\/\\\/jovoutja.eu\\\/\",\"name\":\"ViaCarpatia\",\"description\":\"Sp\u00e1jame historick\u00e9 a kult\u00farno-jazykov\u00e9 trad\u00edcie\",\"alternateName\":\"ViaCarpatia\",\"potentialAction\":[{\"@type\":\"SearchAction\",\"target\":{\"@type\":\"EntryPoint\",\"urlTemplate\":\"https:\\\/\\\/jovoutja.eu\\\/?s={search_term_string}\"},\"query-input\":{\"@type\":\"PropertyValueSpecification\",\"valueRequired\":true,\"valueName\":\"search_term_string\"}}],\"inLanguage\":\"hu\"},{\"@type\":\"Person\",\"@id\":\"https:\\\/\\\/jovoutja.eu\\\/#\\\/schema\\\/person\\\/1c0eeff15f147a522d8c802fbf5d011f\",\"name\":\"jovoutja\",\"image\":{\"@type\":\"ImageObject\",\"inLanguage\":\"hu\",\"@id\":\"https:\\\/\\\/secure.gravatar.com\\\/avatar\\\/bba74006701163acde19f8e575cb017e72fee5f1d026e5409c03c3812cd5ffd0?s=96&d=mm&r=g\",\"url\":\"https:\\\/\\\/secure.gravatar.com\\\/avatar\\\/bba74006701163acde19f8e575cb017e72fee5f1d026e5409c03c3812cd5ffd0?s=96&d=mm&r=g\",\"contentUrl\":\"https:\\\/\\\/secure.gravatar.com\\\/avatar\\\/bba74006701163acde19f8e575cb017e72fee5f1d026e5409c03c3812cd5ffd0?s=96&d=mm&r=g\",\"caption\":\"jovoutja\"},\"url\":\"https:\\\/\\\/jovoutja.eu\\\/hu\\\/author\\\/jovoutja\\\/\"}]}<\/script>\n<!-- \/ Yoast SEO plugin. -->","yoast_head_json":{"title":"\u00daj partners\u00e9geket \u00e9p\u00edt\u00fcnk az \u00faj projektekhez - J\u00f6v\u0151 \u00datja","robots":{"index":"index","follow":"follow","max-snippet":"max-snippet:-1","max-image-preview":"max-image-preview:large","max-video-preview":"max-video-preview:-1"},"canonical":"https:\/\/jovoutja.eu\/hu\/uj-partnersegeket-epitunk-az-uj-projektekhez\/","og_locale":"hu_HU","og_type":"article","og_title":"\u00daj partners\u00e9geket \u00e9p\u00edt\u00fcnk az \u00faj projektekhez - J\u00f6v\u0151 \u00datja","og_description":"Febru\u00e1r 22. \u00e9s 23. k\u00f6z\u00f6tt megrendez\u00e9sre ker\u00fclt partners\u00e9g \u00e9p\u00edt\u0151 f\u00f3rum Magyarorsz\u00e1gon, Vanyarcon a Magyar Lovas Turisztikai K\u00f6zhaszn\u00fa Egyes\u00fclet k\u00f6zpontj\u00e1ban. K\u00e9t napon \u00e1t fejlesztett\u00fck a tud\u00e1sunkat \u00faj t\u00e9m\u00e1kban annak \u00e9rdek\u00e9ben, hogy sikeresek legy\u00fcnk az \u00faj projektjeinkben. K\u00f6sz\u00f6nj\u00fck a Lovas Turisztikai K\u00f6zhaszn\u00fa Egyes\u00fcletnek, hogy lehet\u0151s\u00e9get biztos\u00edtott az esem\u00e9ny megtart\u00e1s\u00e1ra \u00e9s szakmai tan\u00e1csukkal n\u00f6velt\u00e9k az esem\u00e9ny sz\u00ednvonal\u00e1t.","og_url":"https:\/\/jovoutja.eu\/hu\/uj-partnersegeket-epitunk-az-uj-projektekhez\/","og_site_name":"J\u00f6v\u0151 \u00datja","article_published_time":"2024-03-21T13:14:09+00:00","article_modified_time":"2024-03-22T14:13:27+00:00","og_image":[{"width":1512,"height":2016,"url":"https:\/\/jovoutja.eu\/wp-content\/uploads\/2024\/03\/IMG_0106.jpg","type":"image\/jpeg"}],"author":"jovoutja","twitter_card":"summary_large_image","twitter_misc":{"Szerz\u0151:":"jovoutja","Becs\u00fclt olvas\u00e1si id\u0151":"1 perc"},"schema":{"@context":"https:\/\/schema.org","@graph":[{"@type":"Article","@id":"https:\/\/jovoutja.eu\/hu\/uj-partnersegeket-epitunk-az-uj-projektekhez\/#article","isPartOf":{"@id":"https:\/\/jovoutja.eu\/hu\/uj-partnersegeket-epitunk-az-uj-projektekhez\/"},"author":{"name":"jovoutja","@id":"https:\/\/jovoutja.eu\/#\/schema\/person\/1c0eeff15f147a522d8c802fbf5d011f"},"headline":"\u00daj partners\u00e9geket \u00e9p\u00edt\u00fcnk az \u00faj projektekhez","datePublished":"2024-03-21T13:14:09+00:00","dateModified":"2024-03-22T14:13:27+00:00","mainEntityOfPage":{"@id":"https:\/\/jovoutja.eu\/hu\/uj-partnersegeket-epitunk-az-uj-projektekhez\/"},"wordCount":98,"image":{"@id":"https:\/\/jovoutja.eu\/hu\/uj-partnersegeket-epitunk-az-uj-projektekhez\/#primaryimage"},"thumbnailUrl":"https:\/\/jovoutja.eu\/wp-content\/uploads\/2024\/03\/IMG_0106.jpg","articleSection":["Uncategorized @hu"],"inLanguage":"hu"},{"@type":"WebPage","@id":"https:\/\/jovoutja.eu\/hu\/uj-partnersegeket-epitunk-az-uj-projektekhez\/","url":"https:\/\/jovoutja.eu\/hu\/uj-partnersegeket-epitunk-az-uj-projektekhez\/","name":"\u00daj partners\u00e9geket \u00e9p\u00edt\u00fcnk az \u00faj projektekhez - J\u00f6v\u0151 \u00datja","isPartOf":{"@id":"https:\/\/jovoutja.eu\/#website"},"primaryImageOfPage":{"@id":"https:\/\/jovoutja.eu\/hu\/uj-partnersegeket-epitunk-az-uj-projektekhez\/#primaryimage"},"image":{"@id":"https:\/\/jovoutja.eu\/hu\/uj-partnersegeket-epitunk-az-uj-projektekhez\/#primaryimage"},"thumbnailUrl":"https:\/\/jovoutja.eu\/wp-content\/uploads\/2024\/03\/IMG_0106.jpg","datePublished":"2024-03-21T13:14:09+00:00","dateModified":"2024-03-22T14:13:27+00:00","author":{"@id":"https:\/\/jovoutja.eu\/#\/schema\/person\/1c0eeff15f147a522d8c802fbf5d011f"},"breadcrumb":{"@id":"https:\/\/jovoutja.eu\/hu\/uj-partnersegeket-epitunk-az-uj-projektekhez\/#breadcrumb"},"inLanguage":"hu","potentialAction":[{"@type":"ReadAction","target":["https:\/\/jovoutja.eu\/hu\/uj-partnersegeket-epitunk-az-uj-projektekhez\/"]}]},{"@type":"ImageObject","inLanguage":"hu","@id":"https:\/\/jovoutja.eu\/hu\/uj-partnersegeket-epitunk-az-uj-projektekhez\/#primaryimage","url":"https:\/\/jovoutja.eu\/wp-content\/uploads\/2024\/03\/IMG_0106.jpg","contentUrl":"https:\/\/jovoutja.eu\/wp-content\/uploads\/2024\/03\/IMG_0106.jpg","width":1512,"height":2016},{"@type":"BreadcrumbList","@id":"https:\/\/jovoutja.eu\/hu\/uj-partnersegeket-epitunk-az-uj-projektekhez\/#breadcrumb","itemListElement":[{"@type":"ListItem","position":1,"name":"Home","item":"https:\/\/jovoutja.eu\/"},{"@type":"ListItem","position":2,"name":"\u00daj partners\u00e9geket \u00e9p\u00edt\u00fcnk az \u00faj projektekhez"}]},{"@type":"WebSite","@id":"https:\/\/jovoutja.eu\/#website","url":"https:\/\/jovoutja.eu\/","name":"ViaCarpatia","description":"Sp\u00e1jame historick\u00e9 a kult\u00farno-jazykov\u00e9 trad\u00edcie","alternateName":"ViaCarpatia","potentialAction":[{"@type":"SearchAction","target":{"@type":"EntryPoint","urlTemplate":"https:\/\/jovoutja.eu\/?s={search_term_string}"},"query-input":{"@type":"PropertyValueSpecification","valueRequired":true,"valueName":"search_term_string"}}],"inLanguage":"hu"},{"@type":"Person","@id":"https:\/\/jovoutja.eu\/#\/schema\/person\/1c0eeff15f147a522d8c802fbf5d011f","name":"jovoutja","image":{"@type":"ImageObject","inLanguage":"hu","@id":"https:\/\/secure.gravatar.com\/avatar\/bba74006701163acde19f8e575cb017e72fee5f1d026e5409c03c3812cd5ffd0?s=96&d=mm&r=g","url":"https:\/\/secure.gravatar.com\/avatar\/bba74006701163acde19f8e575cb017e72fee5f1d026e5409c03c3812cd5ffd0?s=96&d=mm&r=g","contentUrl":"https:\/\/secure.gravatar.com\/avatar\/bba74006701163acde19f8e575cb017e72fee5f1d026e5409c03c3812cd5ffd0?s=96&d=mm&r=g","caption":"jovoutja"},"url":"https:\/\/jovoutja.eu\/hu\/author\/jovoutja\/"}]}},"_links":{"self":[{"href":"https:\/\/jovoutja.eu\/hu\/wp-json\/wp\/v2\/posts\/7901","targetHints":{"allow":["GET"]}}],"collection":[{"href":"https:\/\/jovoutja.eu\/hu\/wp-json\/wp\/v2\/posts"}],"about":[{"href":"https:\/\/jovoutja.eu\/hu\/wp-json\/wp\/v2\/types\/post"}],"author":[{"embeddable":true,"href":"https:\/\/jovoutja.eu\/hu\/wp-json\/wp\/v2\/users\/2"}],"replies":[{"embeddable":true,"href":"https:\/\/jovoutja.eu\/hu\/wp-json\/wp\/v2\/comments?post=7901"}],"version-history":[{"count":2,"href":"https:\/\/jovoutja.eu\/hu\/wp-json\/wp\/v2\/posts\/7901\/revisions"}],"predecessor-version":[{"id":7906,"href":"https:\/\/jovoutja.eu\/hu\/wp-json\/wp\/v2\/posts\/7901\/revisions\/7906"}],"wp:featuredmedia":[{"embeddable":true,"href":"https:\/\/jovoutja.eu\/hu\/wp-json\/wp\/v2\/media\/7889"}],"wp:attachment":[{"href":"https:\/\/jovoutja.eu\/hu\/wp-json\/wp\/v2\/media?parent=7901"}],"wp:term":[{"taxonomy":"category","embeddable":true,"href":"https:\/\/jovoutja.eu\/hu\/wp-json\/wp\/v2\/categories?post=7901"},{"taxonomy":"post_tag","embeddable":true,"href":"https:\/\/jovoutja.eu\/hu\/wp-json\/wp\/v2\/tags?post=7901"}],"curies":[{"name":"wp","href":"https:\/\/api.w.org\/{rel}","templated":true}]}}